{"id":3998,"date":"2014-09-12T11:40:21","date_gmt":"2014-09-12T11:40:21","guid":{"rendered":"http:\/\/rurallascolonias.com.ar\/?p=3998"},"modified":"2014-09-12T11:40:21","modified_gmt":"2014-09-12T11:40:21","slug":"la-politica-nos-ha-dividido-a-los-productores-lecheros","status":"publish","type":"post","link":"http:\/\/rurallascolonias.com.ar\/?p=3998","title":{"rendered":"\u00abLa pol\u00edtica nos ha dividido a los productores lecheros\u00bb"},"content":{"rendered":"<p><span style=\"color: #000000;\"><a href=\"http:\/\/rurallascolonias.com.ar\/wp-content\/uploads\/2014\/09\/aimaro.jpg\"><img loading=\"lazy\" class=\"alignleft size-full wp-image-3999\" src=\"http:\/\/rurallascolonias.com.ar\/wp-content\/uploads\/2014\/09\/aimaro.jpg\" alt=\"aimaro\" width=\"266\" height=\"190\" \/><\/a>Entrevista con Marcelo Aimaro, Presidente de Meprolsafe En tiempos de permanentes reclamos por el definitivo ordenamiento de la lecher\u00eda nacional y en la b\u00fasqueda de soluciones coyunturales que no se resuelven, las distintas entidades de productores insisten en un di\u00e1logo m\u00e1s transparente que permita superar cuestiones b\u00e1sicas, buscando una mayor previsibilidad para la empresa tambera. <\/span><!--more--><\/p>\n<p><span style=\"color: #000000;\">En di\u00e1logo con el presidente de la entidad m\u00e1s representativa (por cantidad de socios adherentes) de los tamberos de Santa Fe, Marcelo Aimaro, quien hoy preside la Mesa de Productores Lecheros de Santa Fe (MEPROSALFE), Nuestro Agro indag\u00f3 sobre la actual coyuntura de la lecher\u00eda y sus perspectivas. Nuestro Agro (NA) \u2013 \u00bfQu\u00e9 opini\u00f3n tiene la Mesa de los anuncios del MINAGRI sobre los cr\u00e9ditos para el sector? Marcelo Aimaro (MA) \u2013 Hay que separar las aguas, en principio cuando no hay rentabilidad todo cr\u00e9dito que se tome es un salvavidas de plomo. No obstante hay que analizar la situaci\u00f3n de cada productor porque cada tambo es un mundo diferente, un sistema diferente, un manejo personal; est\u00e1n los que se parecen y otros que no, y ambos casos pueden ser rentables. En cuanto al caso concreto de quienes se vieron afectados por el clima hay que ver en qu\u00e9 medida fue afectada la producci\u00f3n, las reservas forrajeras, hay tambos con 50, 30 o 20 por ciento menos de producci\u00f3n y eso es menos facturaci\u00f3n y hay que ver c\u00f3mo impacta en cada empresa, en qu\u00e9 situaci\u00f3n financiera se encontraba, son muchos factores a considerar. Por lo tanto, si las l\u00edneas de cr\u00e9ditos est\u00e1n activas, en el caso de la provincia de Santa Fe sabemos que ya lo est\u00e1n, y el productor necesita de ese dinero para superar un mal momento, est\u00e1 bien que lo tome en funci\u00f3n de su productividad. NA \u2013 \u00bfHan recibido consultas de interesados por los cr\u00e9ditos? MA \u2013 S\u00ed, claro, nuestros colegas se acercan para saber qu\u00e9 hay de cierto. La l\u00ednea de cr\u00e9dito de la provincia ya est\u00e1 operatoria, te piden la inscripci\u00f3n de productor primario, el RENSPA y el acta de vacunaci\u00f3n y hay que estar en departamentos declarados en zona de emergencia, como est\u00e1n Castellanos, Las Colonias, San Jer\u00f3nimo, San Mart\u00edn y San Crist\u00f3bal. La l\u00ednea es hasta $400.000, con 18 meses y tres meses de gracia, la entidad bancaria solicita informaci\u00f3n a la industria a la que se entrega porque es a trav\u00e9s de la misma que se ir\u00e1 realizando el pago. NA \u2013 \u00bfC\u00f3mo ven el tema precio? MA \u2013 Nosotros vemos que hay una mayor\u00eda de productores que coincidimos en que la industria podr\u00eda pagarnos entre 15 a 20 centavos m\u00e1s sin ning\u00fan problema y con esa mejora cambiar\u00eda la situaci\u00f3n de muchos tambos, no decimos que pretendemos que nos paguen $ 4 por litro porque sabemos que la industria no lo puede pagar, pero s\u00ed abogamos por una mejora inmediata porque siguen aumentando nuestros costos. Si hace tres meses tres pesos era razonable, hoy ya no lo es y menos a\u00fan con una marcada baja de facturaci\u00f3n. NA \u2013 \u00bfSon rentables los tres pesos para algunos tambos? MA \u2013 Reitero, cada explotaci\u00f3n tiene una realidad en particular, seguramente hay tambos que con tres pesos no pierden plata, si produc\u00eds a pasto, silo y grano, con un ma\u00edz que hist\u00f3ricamente con dos kilos produc\u00edas un litro de leche, hoy esa relaci\u00f3n es muy favorable, un tambo con 15 a 18.000 litros de leche por hect\u00e1rea seguramente es rentable, pero claro, muy pocos est\u00e1n en ese rango. Si un productor tiene baja productividad por ha., m\u00e1s algo de costo financiero y no hizo buenas reservas, tiene un panorama muy complicado, y eso tambi\u00e9n es una realidad. Yo entiendo que debemos ser cuidadosos cuando analizamos la situaci\u00f3n de los tambos, no tienen los mismos costos los tambos m\u00e1s al sur que los que est\u00e1n en el centro-norte del pa\u00eds. Y lo que debemos seguir reclamando es por una actualizaci\u00f3n del precio de aqu\u00ed hasta fin de a\u00f1o. Hay un fin de ciclo y si los costos inflacionarios no se paran el panorama en general puede agravarse. NA \u2013 \u00bfCu\u00e1l fue el resultado de la reuni\u00f3n con el Ministro Casamiquela? MA \u2013 En el Ministerio participamos porque fuimos invitados y volvimos a reclamar por los problemas estructurales y lo coyuntural, pero lo que hacemos es reclamar por lo que venimos insistiendo desde hace muchos a\u00f1os, por un ordenamiento del sistema lechero (en su cadena), que se vuelvan a hacer las reuniones con los representantes de las provincias y del resto de las entidades industriales y el gobierno sea el \u00e1rbitro. Hay abundante informaci\u00f3n disponible, hay diagn\u00f3sticos de cada cuenca lechera, s\u00f3lo hacen falta consensos y decisiones pol\u00edticas. NA \u2013 \u00bfCu\u00e1l es su posici\u00f3n ante una pol\u00edtica de regulaci\u00f3n? MA \u2013 Creo que ning\u00fan sector ha pedido intervenci\u00f3n del Estado, lo que s\u00ed se pide es regulaci\u00f3n, por lo menos nosotros. Libertad total es la de hoy, por lo tanto si la libertad es la de hoy \u00bfpara qu\u00e9 pedir m\u00e1s libertad de mercado? A m\u00ed y a todos nos paga la industria y es la que decide qu\u00e9 precio, cuando se estaban disparando esos valores debido a la falta de materia prima fueron a quejarse que la situaci\u00f3n no daba para m\u00e1s y sali\u00f3 esto de fijar un precio tope de tres pesos desde la Secretar\u00eda de Comercio. Hoy nadie se hace cargo de d\u00f3nde sali\u00f3 esa decisi\u00f3n, si fue cierto o no fue cierto, miran para otro lado. Est\u00e1 claro, por alguna raz\u00f3n se plancharon los precios, fue la industria con su lobby habitual para beneficiar a qui\u00e9nes \u00bfa las grandes, a las medianas o peque\u00f1as industrias? Hay que sacar conclusiones. NA \u2013 Fijar tres pesos \u00bfno es una regulaci\u00f3n? MA \u2013 Claro que es una regulaci\u00f3n pero es parte de una discusi\u00f3n unilateral y para nada consensuada, nosotros les dijimos que era contraproducente poner un techo a los aumentos en la materia prima, justamente en un momento en que el productor est\u00e1 muy comprometido por las razones que conocemos. El lobby industrial est\u00e1 demostrado que es mucho m\u00e1s importante que el que podemos hacer los productores aunque nos reciban en el Gobierno. La clave est\u00e1 en establecer un mecanismo para que podamos tener un valor de referencia, si exportamos un 20% y el 80% va a consumo interno, que se haga una f\u00f3rmula que nos permita tener un piso cierto y de ah\u00ed para arriba que la industria pague lo que quiera, las bonificaciones y est\u00edmulos que considere necesarios y si hay que hacer un mix para el mercado interno que se haga, pero hay que generar un sistema que sea transparente, que nos d\u00e9 alguna certidumbre para producir y no que nos digan al final del mes, despu\u00e9s de que entregamos nuestra leche, lo que vamos a cobrar, mientras que la inflaci\u00f3n a nosotros nos sube los costos y carcome la rentabilidad que en alg\u00fan momento podemos tener. Si en una situaci\u00f3n como la que se dio hubieran dicho el piso es de $3 y de ah\u00ed para arriba que cada industria pague lo que puede, otra ser\u00eda la realidad, pero aqu\u00ed te ponen un techo y nosotros tenemos que aceptarlo. NA \u2013 \u00bfEst\u00e1n considerando en la Mesa el funcionamiento de un mercado de oferta y demanda de leche en un \u00e1mbito como puede ser la Bolsa de Comercio de Rosario? MA \u2013 Justamente al tema hemos comenzado a tratarlo en la Mesa. Si tomamos esta Resoluci\u00f3n de la Provincia que habla de los Contratos, estamos analizando porque no es un tema menor, que nos puede estar jugando en contra o bien puede ser positivo, estamos viendo la parte legal. Hoy, a t\u00edtulo personal opino que sirve para leche de exportaci\u00f3n porque se puede determinar fehacientemente los precios que se pagan, los vol\u00famenes a vender, condiciones generales del negocio, hasta aqu\u00ed todo bien, pero qu\u00e9 precio interno negociamos si hace 100 a\u00f1os que la industria paga lo que quiere. Por eso opino a t\u00edtulo personal, los contratos sirven, porque conozco casos de contratos en donde la industria se fundi\u00f3 pero los contratos se pudieron cobrar. No quiero opinar sin tener un estudio m\u00e1s fehaciente porque hay que analizar distintos aspectos, ver cu\u00e1les son las cuestiones favorables, pero no podemos descartar una herramienta que nos puede ser \u00fatil a futuro, lo veo dif\u00edcil para el mercado interno, pero los contratos de exportaci\u00f3n me parecen muy favorables. Yo soy consciente que somos parte de un negocio, una sola parte no puede sacar ventajas, todos debemos ganar y hacer sostenible una cadena alimentaria que genera much\u00edsimos puestos de trabajo. NA \u2013 \u00bfEst\u00e1 en condiciones de competir el tambo con la agricultura? MA \u2013 Claro que s\u00ed, yo personalmente lo puedo asegurar, siempre hice tambo y agricultura, y tengo diez a\u00f1os de datos que lo demuestran, el tambo a pesar de sus coyunturas c\u00edclicas, puede competir, l\u00f3gicamente haci\u00e9ndolo lo m\u00e1s ordenado posible, llevando registros, una gesti\u00f3n que ayude a saber d\u00f3nde se est\u00e1 parado, pero como siempre comento: cada uno tiene su propia realidad y desde all\u00ed opina. Esto significa que hoy m\u00e1s que nunca los productores lecheros tenemos que reclamar que se resuelvan temas estructurales y a partir de ese punto podemos pensar en una lecher\u00eda nacional en crecimiento, de lo contrario continuaremos zigzagueando, un tramo sobre la ruta y otro en la banquina. NA \u2013 Convengamos que los productores no han logrado conformar una entidad \u00fanica y fuerte para sentarse a discutir una pol\u00edtica lechera con el Estado, divididos no tienen fuerza, unos piden libertad de mercado total y en el caso de ustedes opinan que se necesita un marco regulatorio. \u00bfC\u00f3mo se sigue? MA \u2013 Es cierto, hay un mont\u00f3n de entidades que no logran entenderse aunque los reclamos son similares, pero lamentablemente se meti\u00f3 la pol\u00edtica en el medio. No importa qui\u00e9n tiene la raz\u00f3n, pero del otro lado nos dicen p\u00f3nganse de acuerdo y hablamos de una vez por todas en serio. Desde el Gobierno nos dicen siempre que en cada reuni\u00f3n unos piden una cosa y despu\u00e9s vienen otros pidiendo algo diferente. NA \u2013 \u00bfHa participado la Mesa de Productores Lecheros de Santa Fe en la implementaci\u00f3n de normas para el sector que ha dado a conocer el Ministerio de la Producci\u00f3n de la provincia? MA \u2013 Para nada, nosotros tenemos ocho pedidos de audiencia al Ministro de la cartera y nunca nos han respondido. NA \u2013 Pero, \u00bfc\u00f3mo se entiende que se est\u00e9n implementando algunas pol\u00edticas sobre el sector y no ha sido consultada la Mesa Provincial? MA \u2013 Y bueno, habr\u00eda que pregunt\u00e1rselo al Ministro Fascendini. Parece que existen otros interlocutores, s\u00f3lo se escuchan algunas voces y as\u00ed estamos; por eso reitero, la pol\u00edtica nos ha dividido a los productores lecheros y creo, desde lo personal, que est\u00e1 haci\u00e9ndonos mucho da\u00f1o, si no estamos todos juntos en un solo reclamo, es posible que nunca se resuelvan los problemas estructurales y por lo tanto los ciclos negativos impactar\u00e1n cada vez m\u00e1s fuerte, especialmente entre los productores medianos y peque\u00f1os. Todo pasa por cuestiones pol\u00edticas, nosotros hemos aportado much\u00edsima informaci\u00f3n y elevado propuestas a la Subsecretar\u00eda de Lecher\u00eda de la Naci\u00f3n; en ese \u00e1mbito hoy hay much\u00edsimos datos estad\u00edsticos de la actividad tambera de todo el pa\u00eds, datos de mercados, de exportaci\u00f3n, informaci\u00f3n que est\u00e1 disponible para cada productor y toda esa base de datos no se aprovecha, se han hecho algunos avances, pero con productores divididos por cuestiones pol\u00edticas seguiremos empantanados. No quiero juzgar a nadie, en lo personal no soy militante de ning\u00fan partido pol\u00edtico y como productor lo que deseo es que trabajemos para lograr coincidencias que nos permitan mirar con m\u00e1s claridad el futuro. Tenemos que hablar de mejorar caminos, de tener m\u00e1s energ\u00eda, mejores servicios para el campo, de un mont\u00f3n de problemas, sin embargo nada de esto se trata, ni desde la Naci\u00f3n ni desde la provincia y tambi\u00e9n nos hemos olvidado de insistir en esos reclamos. <\/span><\/p>\n<p><span style=\"color: #000000;\">Fuente: Nuestro Agro\u00a0<\/span><\/p>\n","protected":false},"excerpt":{"rendered":"<p>Entrevista con Marcelo Aimaro, Presidente de Meprolsafe En tiempos de permanentes reclamos por el definitivo ordenamiento de la lecher\u00eda nacional y en la b\u00fasqueda de soluciones coyunturales que no se resuelven, las distintas entidades de productores insisten en un di\u00e1logo m\u00e1s transparente que permita superar cuestiones b\u00e1sicas, buscando una mayor previsibilidad para la empresa tambera.<\/p>\n","protected":false},"author":5,"featured_media":0,"comment_status":"open","ping_status":"open","sticky":false,"template":"","format":"standard","meta":[],"categories":[46],"tags":[518,1320],"_links":{"self":[{"href":"http:\/\/rurallascolonias.com.ar\/index.php?rest_route=\/wp\/v2\/posts\/3998"}],"collection":[{"href":"http:\/\/rurallascolonias.com.ar\/index.php?rest_route=\/wp\/v2\/posts"}],"about":[{"href":"http:\/\/rurallascolonias.com.ar\/index.php?rest_route=\/wp\/v2\/types\/post"}],"author":[{"embeddable":true,"href":"http:\/\/rurallascolonias.com.ar\/index.php?rest_route=\/wp\/v2\/users\/5"}],"replies":[{"embeddable":true,"href":"http:\/\/rurallascolonias.com.ar\/index.php?rest_route=%2Fwp%2Fv2%2Fcomments&post=3998"}],"version-history":[{"count":1,"href":"http:\/\/rurallascolonias.com.ar\/index.php?rest_route=\/wp\/v2\/posts\/3998\/revisions"}],"predecessor-version":[{"id":4000,"href":"http:\/\/rurallascolonias.com.ar\/index.php?rest_route=\/wp\/v2\/posts\/3998\/revisions\/4000"}],"wp:attachment":[{"href":"http:\/\/rurallascolonias.com.ar\/index.php?rest_route=%2Fwp%2Fv2%2Fmedia&parent=3998"}],"wp:term":[{"taxonomy":"category","embeddable":true,"href":"http:\/\/rurallascolonias.com.ar\/index.php?rest_route=%2Fwp%2Fv2%2Fcategories&post=3998"},{"taxonomy":"post_tag","embeddable":true,"href":"http:\/\/rurallascolonias.com.ar\/index.php?rest_route=%2Fwp%2Fv2%2Ftags&post=3998"}],"curies":[{"name":"wp","href":"https:\/\/api.w.org\/{rel}","templated":true}]}}