{"id":3995,"date":"2014-09-12T11:35:31","date_gmt":"2014-09-12T11:35:31","guid":{"rendered":"http:\/\/rurallascolonias.com.ar\/?p=3995"},"modified":"2014-09-12T11:35:31","modified_gmt":"2014-09-12T11:35:31","slug":"se-viene-un-nuevo-paro-de-4-dias-que-bloqueara-la-exportacion-de-granos","status":"publish","type":"post","link":"http:\/\/rurallascolonias.com.ar\/?p=3995","title":{"rendered":"Se viene un nuevo paro de 4 d\u00edas que bloquear\u00e1 la exportaci\u00f3n de granos"},"content":{"rendered":"<h3 style=\"font-weight: lighter; color: #666666;\"><a href=\"http:\/\/rurallascolonias.com.ar\/wp-content\/uploads\/2014\/09\/paro.jpg\"><img loading=\"lazy\" class=\"aligncenter size-full wp-image-3996\" src=\"http:\/\/rurallascolonias.com.ar\/wp-content\/uploads\/2014\/09\/paro.jpg\" alt=\"paro\" width=\"276\" height=\"183\" \/><\/a>Se resolvi\u00f3 la medida entre los aduaneros tras un Plenario Nacional de Delegados del S.U.P.A.R.A. Ser\u00e1 la pr\u00f3xima semana, desde el jueves 18\/09\/14-00:00 hasta el lunes 22\/09\/14-00:00.<\/h3>\n<p><!--more--><\/p>\n<p>Tras la realizaci\u00f3n de un Plenario Nacional de Delegados del S.U.P.A.R.A. realizado esta semana, se resolvi\u00f3 iniciar una medida de fuerza directa que impedir\u00e1 por cuatro d\u00edas operar a la Aduana a nivel pa\u00eds desde el jueves 18\/09\/14-00:00 hasta el lunes 22\/09\/14-00:00.<\/p>\n<p>En un comunicado de prensa de la C\u00e1mara de Actividades Portuarias y Mar\u00edtimas (CAPyM), se adelant\u00f3 inclusive que en caso de que el Ministerio de Econom\u00eda de la Naci\u00f3n mantenga su intransigencia, habr\u00e1 una nueva protesta de cinco d\u00edas a partir del mi\u00e9rcoles 24 de septiembre y hasta el lunes 29\/09\/14-00:00.<\/p>\n<p>\u00abNo va a haber ni embarques, ni desembarques. Van a ser cuatro d\u00edas de corrido sin exportaciones ni importaciones\u00bb, dijo a la agencia de noticias Reuters Guillermo Wade, gerente de CAPyM, con base en la ciudad de Rosario.<\/p>\n<p>Fuente: Agrositio<\/p>\n","protected":false},"excerpt":{"rendered":"<p>Se resolvi\u00f3 la medida entre los aduaneros tras un Plenario Nacional de Delegados del S.U.P.A.R.A. Ser\u00e1 la pr\u00f3xima semana, desde el jueves 18\/09\/14-00:00 hasta el lunes 22\/09\/14-00:00.<\/p>\n","protected":false},"author":5,"featured_media":0,"comment_status":"open","ping_status":"open","sticky":false,"template":"","format":"standard","meta":[],"categories":[42],"tags":[1406,1407,1031],"_links":{"self":[{"href":"http:\/\/rurallascolonias.com.ar\/index.php?rest_route=\/wp\/v2\/posts\/3995"}],"collection":[{"href":"http:\/\/rurallascolonias.com.ar\/index.php?rest_route=\/wp\/v2\/posts"}],"about":[{"href":"http:\/\/rurallascolonias.com.ar\/index.php?rest_route=\/wp\/v2\/types\/post"}],"author":[{"embeddable":true,"href":"http:\/\/rurallascolonias.com.ar\/index.php?rest_route=\/wp\/v2\/users\/5"}],"replies":[{"embeddable":true,"href":"http:\/\/rurallascolonias.com.ar\/index.php?rest_route=%2Fwp%2Fv2%2Fcomments&post=3995"}],"version-history":[{"count":1,"href":"http:\/\/rurallascolonias.com.ar\/index.php?rest_route=\/wp\/v2\/posts\/3995\/revisions"}],"predecessor-version":[{"id":3997,"href":"http:\/\/rurallascolonias.com.ar\/index.php?rest_route=\/wp\/v2\/posts\/3995\/revisions\/3997"}],"wp:attachment":[{"href":"http:\/\/rurallascolonias.com.ar\/index.php?rest_route=%2Fwp%2Fv2%2Fmedia&parent=3995"}],"wp:term":[{"taxonomy":"category","embeddable":true,"href":"http:\/\/rurallascolonias.com.ar\/index.php?rest_route=%2Fwp%2Fv2%2Fcategories&post=3995"},{"taxonomy":"post_tag","embeddable":true,"href":"http:\/\/rurallascolonias.com.ar\/index.php?rest_route=%2Fwp%2Fv2%2Ftags&post=3995"}],"curies":[{"name":"wp","href":"https:\/\/api.w.org\/{rel}","templated":true}]}}