{"id":3973,"date":"2014-09-10T16:28:04","date_gmt":"2014-09-10T16:28:04","guid":{"rendered":"http:\/\/rurallascolonias.com.ar\/?p=3973"},"modified":"2014-09-10T16:28:04","modified_gmt":"2014-09-10T16:28:04","slug":"el-gobierno-busca-motivar-a-las-pymes-lacteas-para-que-exporten-a-rusia","status":"publish","type":"post","link":"http:\/\/rurallascolonias.com.ar\/?p=3973","title":{"rendered":"El Gobierno busca motivar a las pymes l\u00e1cteas para que exporten a Rusia"},"content":{"rendered":"<h2><a href=\"http:\/\/rurallascolonias.com.ar\/wp-content\/uploads\/2014\/09\/pymes-l\u00e1cteas.jpg\"><img loading=\"lazy\" class=\"aligncenter wp-image-3974 size-medium\" src=\"http:\/\/rurallascolonias.com.ar\/wp-content\/uploads\/2014\/09\/pymes-l\u00e1cteas-300x204.jpg\" alt=\"pymes l\u00e1cteas\" width=\"300\" height=\"204\" srcset=\"http:\/\/rurallascolonias.com.ar\/wp-content\/uploads\/2014\/09\/pymes-l\u00e1cteas-300x204.jpg 300w, http:\/\/rurallascolonias.com.ar\/wp-content\/uploads\/2014\/09\/pymes-l\u00e1cteas-600x409.jpg 600w, http:\/\/rurallascolonias.com.ar\/wp-content\/uploads\/2014\/09\/pymes-l\u00e1cteas.jpg 608w\" sizes=\"(max-width: 300px) 100vw, 300px\" \/><\/a>Carlos Casamiquela se reuni\u00f3 ayer con representantes de empresas l\u00e1cteas argentinas para agilizar los mecanismos de exportaci\u00f3n que permitan incrementar la venta de productos con alto valor agregado a Rusia.<\/h2>\n<p><!--more--><\/p>\n<p>En agosto, el ministro particip\u00f3 de la comitiva oficial que viaj\u00f3 a Rusia para establecer las nuevas posibilidades que abre el mercado para las exportaciones argentinas. En este marco de fortalecimiento de las relaciones estrat\u00e9gicas entre ambos pa\u00edses, los productos l\u00e1cteos tienen un rol determinante entre todos los productos alimenticios de industria nacional con posibilidades de ser importados por el pa\u00eds asi\u00e1tico.<\/p>\n<p>Por su parte, las empresas representantes de APYMEL que se encontraban presentes durante el encuentro, destacaron la importancia de la nueva oportunidad de exportaci\u00f3n que se les brinda ante esta apertura del mercado ruso, y el espacio de di\u00e1logo que ofrece el Ministerio para poder avanzar en las inquietudes que tienen las pymes.<\/p>\n<p>Los presentes durante el encuentro con Casamiquela fueron Fernando Ramos, coordinador Plataforma de Exportaciones; Santiago Aguirre, de Pampacheese; Lucas Magnasco de Magnasco Hnos; Mario Rubio de Cooperativa James Craik; Ernesto Rodr\u00edguez y Adri\u00e1n Cagnoli, de Vacalin; Celeste Valenti de Cremigal; Yanina Bosio de Lactear; Adri\u00e1n Beltramino y Virginia Bergia de la Cooperativa de Arroyo Cabral.<\/p>\n<p><strong>Fuente: MINAGRI<\/strong><\/p>\n","protected":false},"excerpt":{"rendered":"<p>Carlos Casamiquela se reuni\u00f3 ayer con representantes de empresas l\u00e1cteas argentinas para agilizar los mecanismos de exportaci\u00f3n que permitan incrementar la venta de productos con alto valor agregado a Rusia.<\/p>\n","protected":false},"author":5,"featured_media":0,"comment_status":"open","ping_status":"open","sticky":false,"template":"","format":"standard","meta":[],"categories":[42],"tags":[176,771,1116],"_links":{"self":[{"href":"http:\/\/rurallascolonias.com.ar\/index.php?rest_route=\/wp\/v2\/posts\/3973"}],"collection":[{"href":"http:\/\/rurallascolonias.com.ar\/index.php?rest_route=\/wp\/v2\/posts"}],"about":[{"href":"http:\/\/rurallascolonias.com.ar\/index.php?rest_route=\/wp\/v2\/types\/post"}],"author":[{"embeddable":true,"href":"http:\/\/rurallascolonias.com.ar\/index.php?rest_route=\/wp\/v2\/users\/5"}],"replies":[{"embeddable":true,"href":"http:\/\/rurallascolonias.com.ar\/index.php?rest_route=%2Fwp%2Fv2%2Fcomments&post=3973"}],"version-history":[{"count":1,"href":"http:\/\/rurallascolonias.com.ar\/index.php?rest_route=\/wp\/v2\/posts\/3973\/revisions"}],"predecessor-version":[{"id":3975,"href":"http:\/\/rurallascolonias.com.ar\/index.php?rest_route=\/wp\/v2\/posts\/3973\/revisions\/3975"}],"wp:attachment":[{"href":"http:\/\/rurallascolonias.com.ar\/index.php?rest_route=%2Fwp%2Fv2%2Fmedia&parent=3973"}],"wp:term":[{"taxonomy":"category","embeddable":true,"href":"http:\/\/rurallascolonias.com.ar\/index.php?rest_route=%2Fwp%2Fv2%2Fcategories&post=3973"},{"taxonomy":"post_tag","embeddable":true,"href":"http:\/\/rurallascolonias.com.ar\/index.php?rest_route=%2Fwp%2Fv2%2Ftags&post=3973"}],"curies":[{"name":"wp","href":"https:\/\/api.w.org\/{rel}","templated":true}]}}