{"id":3964,"date":"2014-09-09T14:47:52","date_gmt":"2014-09-09T14:47:52","guid":{"rendered":"http:\/\/rurallascolonias.com.ar\/?p=3964"},"modified":"2014-09-09T14:47:52","modified_gmt":"2014-09-09T14:47:52","slug":"la-coprosa-resolvio-declarar-la-vacunacion-obligatoria-por-los-brotes-de-carbunco","status":"publish","type":"post","link":"http:\/\/rurallascolonias.com.ar\/?p=3964","title":{"rendered":"La COPROSA resolvi\u00f3 declarar la vacunaci\u00f3n obligatoria por los brotes de carbunco"},"content":{"rendered":"<h2><a href=\"http:\/\/rurallascolonias.com.ar\/wp-content\/uploads\/2014\/09\/COPROSA.jpg\"><img loading=\"lazy\" class=\"aligncenter wp-image-3965 size-medium\" src=\"http:\/\/rurallascolonias.com.ar\/wp-content\/uploads\/2014\/09\/COPROSA-300x187.jpg\" alt=\"COPROSA\" width=\"300\" height=\"187\" srcset=\"http:\/\/rurallascolonias.com.ar\/wp-content\/uploads\/2014\/09\/COPROSA-300x187.jpg 300w, http:\/\/rurallascolonias.com.ar\/wp-content\/uploads\/2014\/09\/COPROSA-600x374.jpg 600w, http:\/\/rurallascolonias.com.ar\/wp-content\/uploads\/2014\/09\/COPROSA.jpg 608w\" sizes=\"(max-width: 300px) 100vw, 300px\" \/><\/a>El ministro de la Producci\u00f3n de Santa Fe manifest\u00f3 que la enfermedad es perfectamente controlable y aclar\u00f3 que la vacunaci\u00f3n no representa un costo elevado.<\/h2>\n<p><!--more--><\/p>\n<p>Con la presencia del ministro Carlos Fascendini, tuvo lugar un encuentro de la Comisi\u00f3n Provincial de Sanidad Animal (COPROSA), que abord\u00f3 como tema prioritario los brotes de carbunco en algunos establecimientos bovinos. Seg\u00fan lo tratado durante la extensa reuni\u00f3n,\u00a0se decidi\u00f3 declarar\u00a0en la provincia, mediante una resoluci\u00f3n, la vacunaci\u00f3n obligatoria para esta enfermedad.<\/p>\n<p>Cabe recordar que el encuentro, en el que tambi\u00e9n participaron el\u00a0secretario del Sistema Agropecuario Luis Contigiani y el coordinador T\u00e9cnico ante la Coprosa, Carlos Corval\u00e1n,\u00a0surgi\u00f3 a partir de la necesidad de tomar medidas que eviten un posible aumento de casos, teniendo en cuenta que en el \u00faltimo tiempo hubo una muerte comprobada por esta enfermedad y se han detectado m\u00e1s de 30 vacunos infectados.<\/p>\n<p>El ministro afirm\u00f3 que la enfermedad \u201ces perfectamente controlable\u201d, pero remarc\u00f3 la necesidad de \u201cestar alertas y tomar todos los mecanismos de prevenci\u00f3n\u201d. Al respecto, el funcionario aclar\u00f3 que como antecedente se cuenta con las acciones en la provincia de Buenos Aires, donde se ha declarado la vacunaci\u00f3n obligatoria. \u201cEs una vacuna barata que puede ser aplicada en momentos en que se hacen otras vacunaciones, como el caso de la aftosa\u201d, destac\u00f3.<\/p>\n<p>En tal sentido, Federico Berger, del Colegio de M\u00e9dicos Veterinarios, aclar\u00f3 que \u201cpor el costo en s\u00ed misma, no tiene pr\u00e1cticamente incidencia sobre el n\u00famero anual de un establecimiento. Si pensamos en muertes de animales y en el riesgo para la vida humana, es una vacuna absolutamente barata.\u201d Tambi\u00e9n aclar\u00f3 que la enfermedad \u201cse transmite por contacto con los cad\u00e1veres\u201d. Y en este sentido es que resalt\u00f3 la importancia del \u201cconsumo de carne que provenga de lugares seguros.\u201d<\/p>\n<p>Por \u00faltimo, Fascendini expres\u00f3 que la vacunaci\u00f3n obligatoria debe estar acompa\u00f1ada de \u201cuna serie de medidas de prevenci\u00f3n y control, y de seguridad en el manejo de los alimentos, por eso tambi\u00e9n est\u00e1 \u00a0la ASSAL para hacer un plan integral de control y manejo de esta enfermedad\u201d.<\/p>\n<p>La reuni\u00f3n, que se llev\u00f3 adelante en el Sal\u00f3n Amarillo de la cartera productiva, cont\u00f3 con la asistencia de representantes de la Sociedad\u00a0\u00a0Rural Argentina, la Federaci\u00f3n Agraria Argentina, el Colegio de Veterinarios de Santa Fe (1\u00b0 y 2\u00b0 circunscripci\u00f3n), la Confederaci\u00f3n de Asociaciones Rurales de la Provincia de Santa Fe (CARSFE), la Confederaci\u00f3n Intercooperativa Agropecuaria (Coninagro), Assal, Senasa, Inta, y de la Facultad de Ciencias Veterinarias.<\/p>\n<p><strong>Fuente: Nuestro Agro<\/strong><\/p>\n","protected":false},"excerpt":{"rendered":"<p>El ministro de la Producci\u00f3n de Santa Fe manifest\u00f3 que la enfermedad es perfectamente controlable y aclar\u00f3 que la vacunaci\u00f3n no representa un costo elevado.<\/p>\n","protected":false},"author":5,"featured_media":0,"comment_status":"open","ping_status":"open","sticky":false,"template":"","format":"standard","meta":[],"categories":[42],"tags":[1390,1023,1301,750],"_links":{"self":[{"href":"http:\/\/rurallascolonias.com.ar\/index.php?rest_route=\/wp\/v2\/posts\/3964"}],"collection":[{"href":"http:\/\/rurallascolonias.com.ar\/index.php?rest_route=\/wp\/v2\/posts"}],"about":[{"href":"http:\/\/rurallascolonias.com.ar\/index.php?rest_route=\/wp\/v2\/types\/post"}],"author":[{"embeddable":true,"href":"http:\/\/rurallascolonias.com.ar\/index.php?rest_route=\/wp\/v2\/users\/5"}],"replies":[{"embeddable":true,"href":"http:\/\/rurallascolonias.com.ar\/index.php?rest_route=%2Fwp%2Fv2%2Fcomments&post=3964"}],"version-history":[{"count":1,"href":"http:\/\/rurallascolonias.com.ar\/index.php?rest_route=\/wp\/v2\/posts\/3964\/revisions"}],"predecessor-version":[{"id":3966,"href":"http:\/\/rurallascolonias.com.ar\/index.php?rest_route=\/wp\/v2\/posts\/3964\/revisions\/3966"}],"wp:attachment":[{"href":"http:\/\/rurallascolonias.com.ar\/index.php?rest_route=%2Fwp%2Fv2%2Fmedia&parent=3964"}],"wp:term":[{"taxonomy":"category","embeddable":true,"href":"http:\/\/rurallascolonias.com.ar\/index.php?rest_route=%2Fwp%2Fv2%2Fcategories&post=3964"},{"taxonomy":"post_tag","embeddable":true,"href":"http:\/\/rurallascolonias.com.ar\/index.php?rest_route=%2Fwp%2Fv2%2Ftags&post=3964"}],"curies":[{"name":"wp","href":"https:\/\/api.w.org\/{rel}","templated":true}]}}