{"id":3956,"date":"2014-09-09T10:24:58","date_gmt":"2014-09-09T10:24:58","guid":{"rendered":"http:\/\/rurallascolonias.com.ar\/?p=3956"},"modified":"2014-09-09T10:24:58","modified_gmt":"2014-09-09T10:24:58","slug":"alerta-por-tormentas-fuertes","status":"publish","type":"post","link":"http:\/\/rurallascolonias.com.ar\/?p=3956","title":{"rendered":"ALERTA POR TORMENTAS FUERTES"},"content":{"rendered":"<p><a href=\"http:\/\/rurallascolonias.com.ar\/wp-content\/uploads\/2014\/06\/tormentas.jpg\"><img loading=\"lazy\" class=\"aligncenter size-full wp-image-2824\" src=\"http:\/\/rurallascolonias.com.ar\/wp-content\/uploads\/2014\/06\/tormentas.jpg\" alt=\"tormentas\" width=\"337\" height=\"149\" srcset=\"http:\/\/rurallascolonias.com.ar\/wp-content\/uploads\/2014\/06\/tormentas.jpg 337w, http:\/\/rurallascolonias.com.ar\/wp-content\/uploads\/2014\/06\/tormentas-300x132.jpg 300w\" sizes=\"(max-width: 337px) 100vw, 337px\" \/><\/a>Seg\u00fan advirti\u00f3 el Servicio Meteorol\u00f3gico, hay probabilidad de ca\u00edda de lluvias que podr\u00edan ser localmente fuertes, con posibilidad de ca\u00edda de granizo.<!--more--><\/p>\n<p>El Gobierno de la Ciudad recuerda a la poblaci\u00f3n la recomendaci\u00f3n de retirar de la calle todo aquel elemento que pueda obstruir las bocas de tormenta, y especialmente solicita que no se coloquen las bolsas de residuos sobre la acera para facilitar un mejor escurrimiento de las aguas. Por otra parte, se solicita a los conductores circular \u00fanicamente en caso de necesidad y, en caso de lluvia, transitar con precauci\u00f3n debido a lo resbaladizo de la calzada, evitando aquellas calles que tradicionalmente suelen presentar problemas de anegamiento temporal.<\/p>\n<p>Adem\u00e1s, se aconseja que, en caso de registrarse fuertes vientos, los ciudadanos eviten circular por la calle, poni\u00e9ndose a resguardo en lugares cerrados y seguros; evitar el desplazamiento mientras dure la tormenta; evitar tomar contacto con postes de luz y \u00e1rboles, quitar de los balcones los elementos que puedan provocar accidentes a terceros, y no movilizarse por la v\u00eda p\u00fablica hasta que no est\u00e9 garantizado que no existan factores de riesgo. Por \u00faltimo, se recuerda que quienes tengan inquietudes o reclamos, pueden comunicarse con la L\u00ednea de Atenci\u00f3n Ciudadana (0800-777-5000).<\/p>\n<p>&nbsp;<\/p>\n<div class=\"separador_2\"><\/div>\n<p><span class=\"texto_13_gris\"><em>Fuente: <\/em> <strong>Sin Mordaza &#8211; Uno<\/strong><\/span><\/p>\n","protected":false},"excerpt":{"rendered":"<p>Seg\u00fan advirti\u00f3 el Servicio Meteorol\u00f3gico, hay probabilidad de ca\u00edda de lluvias que podr\u00edan ser localmente fuertes, con posibilidad de ca\u00edda de granizo.<\/p>\n","protected":false},"author":5,"featured_media":0,"comment_status":"open","ping_status":"open","sticky":false,"template":"","format":"standard","meta":[],"categories":[40],"tags":[138,348],"_links":{"self":[{"href":"http:\/\/rurallascolonias.com.ar\/index.php?rest_route=\/wp\/v2\/posts\/3956"}],"collection":[{"href":"http:\/\/rurallascolonias.com.ar\/index.php?rest_route=\/wp\/v2\/posts"}],"about":[{"href":"http:\/\/rurallascolonias.com.ar\/index.php?rest_route=\/wp\/v2\/types\/post"}],"author":[{"embeddable":true,"href":"http:\/\/rurallascolonias.com.ar\/index.php?rest_route=\/wp\/v2\/users\/5"}],"replies":[{"embeddable":true,"href":"http:\/\/rurallascolonias.com.ar\/index.php?rest_route=%2Fwp%2Fv2%2Fcomments&post=3956"}],"version-history":[{"count":1,"href":"http:\/\/rurallascolonias.com.ar\/index.php?rest_route=\/wp\/v2\/posts\/3956\/revisions"}],"predecessor-version":[{"id":3957,"href":"http:\/\/rurallascolonias.com.ar\/index.php?rest_route=\/wp\/v2\/posts\/3956\/revisions\/3957"}],"wp:attachment":[{"href":"http:\/\/rurallascolonias.com.ar\/index.php?rest_route=%2Fwp%2Fv2%2Fmedia&parent=3956"}],"wp:term":[{"taxonomy":"category","embeddable":true,"href":"http:\/\/rurallascolonias.com.ar\/index.php?rest_route=%2Fwp%2Fv2%2Fcategories&post=3956"},{"taxonomy":"post_tag","embeddable":true,"href":"http:\/\/rurallascolonias.com.ar\/index.php?rest_route=%2Fwp%2Fv2%2Ftags&post=3956"}],"curies":[{"name":"wp","href":"https:\/\/api.w.org\/{rel}","templated":true}]}}