{"id":3937,"date":"2014-09-05T16:38:45","date_gmt":"2014-09-05T16:38:45","guid":{"rendered":"http:\/\/rurallascolonias.com.ar\/?p=3937"},"modified":"2014-09-05T16:38:45","modified_gmt":"2014-09-05T16:38:45","slug":"preocupacion-de-carsfe-por-el-insostenible-ataque-del-gobierno-nacional-a-la-produccion","status":"publish","type":"post","link":"http:\/\/rurallascolonias.com.ar\/?p=3937","title":{"rendered":"Preocupaci\u00f3n de CARSFE por el insostenible ataque del gobierno nacional a la producci\u00f3n"},"content":{"rendered":"<p><a href=\"http:\/\/rurallascolonias.com.ar\/wp-content\/uploads\/2013\/12\/Carsfe-2.png\"><img loading=\"lazy\" class=\"aligncenter size-full wp-image-392\" src=\"http:\/\/rurallascolonias.com.ar\/wp-content\/uploads\/2013\/12\/Carsfe-2.png\" alt=\"Carsfe 2\" width=\"251\" height=\"183\" \/><\/a>CARSFE manifiesta su preocupaci\u00f3n por la creciente, injusta e insostenible presi\u00f3n contra la producci\u00f3n y rechaza la intenci\u00f3n final de la denominada Ley de Abastecimiento<!--more--><\/p>\n<p align=\"justify\">La Confederaci\u00f3n de Asociaciones Rurales de la provincia de Santa Fe (CARSFE) manifiesta su preocupaci\u00f3n por la creciente, injusta e insostenible presi\u00f3n contra la producci\u00f3n y rechaza la intenci\u00f3n final de la denominada Ley de Abastecimiento, que no es otra cosa que la nueva herramienta con la que un gobierno nacional en retirada, intenta injerir en principios elementales de la actividad privada.<\/p>\n<p align=\"justify\">Detr\u00e1s de estas medidas de control, que siempre fracasaron en nuestro pa\u00eds y en el mundo, no hay otra cosa que alimentar la voracidad fiscal y la necesidad de cubrir su propia ineficiencia con los activos de algunos sectores productivos, en este caso, una vez m\u00e1s, el campo, al que se pretende obligar a vender unilateralmente sus granos para tomar divisas en d\u00f3lares.<\/p>\n<p align=\"justify\">Claramente, este proyecto quiere legalizar mecanismos de intervenci\u00f3n, limitando la normal actividad de empresa, atacando libertades y aumentando a l\u00edmites insostenibles la discrecionalidad con que el gobierno aplicar\u00e1 la ley. Y es un cerco m\u00e1s a los muchos que la producci\u00f3n agropecuaria recibe: cierre de exportaciones para trigo, ma\u00edz y carnes entre otros; retenciones \u00fanicas en el mundo; cupos, impuestos cruzados y modificaci\u00f3n constante de reglas de juego.<\/p>\n<p align=\"justify\">Esta llamada Ley de Abastecimiento est\u00e1 exactamente alineada con el objetivo del gobierno de inmiscuirse hasta la asfixia en la producci\u00f3n, que tiene el antecedente\u00a0con\u00a0la Resoluci\u00f3n General\u00a0N\u00ba 2750\u00a0de AFIP que impone la obligaci\u00f3n\u00a0de declarar de manera geo referenciada la posici\u00f3n de los silos de su producci\u00f3n agropecuaria; as\u00ed como la solicitud de informaci\u00f3n respecto de la adquisici\u00f3n de silo bolsas para uso propio durante la actual campa\u00f1a.<\/p>\n<p align=\"justify\">Advertimos con dolor y preocupaci\u00f3n que el \u00fanico modo que el gobierno nacional tiene de relacionarse con el agro (su principal aliado, su fuerza productiva esencial y hasta su mayor generador de divisas), es mediante el apriete constante, los actos intimidatorios y la b\u00fasqueda insaciable de m\u00e1s dinero.<\/p>\n<p align=\"justify\">Repudiamos esos mecanismos y el nuevo invento que hoy ensaya bajo el paraguas de la denominada \u201cLey de Abastecimiento\u201d, que va a generar exactamente lo contrario.<\/p>\n<p align=\"justify\">CONSEJO DIRECTIVO DE CARSFE<\/p>\n","protected":false},"excerpt":{"rendered":"<p>CARSFE manifiesta su preocupaci\u00f3n por la creciente, injusta e insostenible presi\u00f3n contra la producci\u00f3n y rechaza la intenci\u00f3n final de la denominada Ley de Abastecimiento<\/p>\n","protected":false},"author":5,"featured_media":0,"comment_status":"open","ping_status":"open","sticky":false,"template":"","format":"standard","meta":[],"categories":[29],"tags":[120,123,375],"_links":{"self":[{"href":"http:\/\/rurallascolonias.com.ar\/index.php?rest_route=\/wp\/v2\/posts\/3937"}],"collection":[{"href":"http:\/\/rurallascolonias.com.ar\/index.php?rest_route=\/wp\/v2\/posts"}],"about":[{"href":"http:\/\/rurallascolonias.com.ar\/index.php?rest_route=\/wp\/v2\/types\/post"}],"author":[{"embeddable":true,"href":"http:\/\/rurallascolonias.com.ar\/index.php?rest_route=\/wp\/v2\/users\/5"}],"replies":[{"embeddable":true,"href":"http:\/\/rurallascolonias.com.ar\/index.php?rest_route=%2Fwp%2Fv2%2Fcomments&post=3937"}],"version-history":[{"count":1,"href":"http:\/\/rurallascolonias.com.ar\/index.php?rest_route=\/wp\/v2\/posts\/3937\/revisions"}],"predecessor-version":[{"id":3938,"href":"http:\/\/rurallascolonias.com.ar\/index.php?rest_route=\/wp\/v2\/posts\/3937\/revisions\/3938"}],"wp:attachment":[{"href":"http:\/\/rurallascolonias.com.ar\/index.php?rest_route=%2Fwp%2Fv2%2Fmedia&parent=3937"}],"wp:term":[{"taxonomy":"category","embeddable":true,"href":"http:\/\/rurallascolonias.com.ar\/index.php?rest_route=%2Fwp%2Fv2%2Fcategories&post=3937"},{"taxonomy":"post_tag","embeddable":true,"href":"http:\/\/rurallascolonias.com.ar\/index.php?rest_route=%2Fwp%2Fv2%2Ftags&post=3937"}],"curies":[{"name":"wp","href":"https:\/\/api.w.org\/{rel}","templated":true}]}}