{"id":3924,"date":"2014-09-04T16:58:19","date_gmt":"2014-09-04T16:58:19","guid":{"rendered":"http:\/\/rurallascolonias.com.ar\/?p=3924"},"modified":"2014-09-04T16:58:19","modified_gmt":"2014-09-04T16:58:19","slug":"la-nacion-declaro-la-emergencia-agropecuaria-en-localidades-del-departamento-castellanos","status":"publish","type":"post","link":"http:\/\/rurallascolonias.com.ar\/?p=3924","title":{"rendered":"La Naci\u00f3n declar\u00f3 la emergencia agropecuaria en localidades del Departamento Castellanos"},"content":{"rendered":"<h2><a href=\"http:\/\/rurallascolonias.com.ar\/wp-content\/uploads\/2014\/09\/emergencia-agropecuaria.png\"><img loading=\"lazy\" class=\"aligncenter size-full wp-image-3925\" src=\"http:\/\/rurallascolonias.com.ar\/wp-content\/uploads\/2014\/09\/emergencia-agropecuaria.png\" alt=\"emergencia agropecuaria\" width=\"308\" height=\"163\" srcset=\"http:\/\/rurallascolonias.com.ar\/wp-content\/uploads\/2014\/09\/emergencia-agropecuaria.png 308w, http:\/\/rurallascolonias.com.ar\/wp-content\/uploads\/2014\/09\/emergencia-agropecuaria-300x158.png 300w\" sizes=\"(max-width: 308px) 100vw, 308px\" \/><\/a>La medida alcanza a Santa Clara de Saguier, Coronel Fraga, Josefina y Bauer y Sigel. \u00bfQu\u00e9 deben hacer los productores afectados?<\/h2>\n<p><!--more--><\/p>\n<p>La medida, dispuesta a trav\u00e9s de la Resoluci\u00f3n 585 publicada ayer en el Bolet\u00edn Oficial, beneficia a los distritos Santa Clara de Saguier, Coronel Fraga, Josefina y Bauer y Sigel del Departamento Castellanos, desde el 1 de marzo de 2014 y hasta el 30 de septiembre de 2014.<\/p>\n<p>Tambi\u00e9n se incluyen desde el 1 de marzo de 2014 y hasta el 31 de agosto de 2014 a las explotaciones de ganader\u00eda bovina lechera ubicadas en los departamentos Las Colonias, San Jer\u00f3nimo, San Crist\u00f3bal, San Justo, San Mart\u00edn, Garay, General L\u00f3pez, Vera y Castellanos (a excepci\u00f3n de los distritos de Bauer y Sigel, Josefina, Santa Clara de Saguier y Coronel Fraga) y a los distritos de Gato Colorado y Gregoria P\u00e9rez de Denis del Departamento 9 de Julio, Romang del Departamento San Javier, Godeken del Departamento Caseros y los Distritos de Emilia, Llambi Campbell, Cabal, Laguna Paiva, Campo Andino, Nelson, Monte Vera, Santo Tom\u00e9 y Sauce Viejo del Departamento La Capital.<\/p>\n<p>Para acceder a los beneficios impositivos correspondientes, los productores afectados deber\u00e1n presentar certificado extendido por la autoridad competente de la provincia, en el que conste que sus predios o explotaciones se encuentran comprendidos en los casos previstos.<\/p>\n<p><strong>Fuente: Nuestro Agro<\/strong><\/p>\n","protected":false},"excerpt":{"rendered":"<p>La medida alcanza a Santa Clara de Saguier, Coronel Fraga, Josefina y Bauer y Sigel. \u00bfQu\u00e9 deben hacer los productores afectados?<\/p>\n","protected":false},"author":5,"featured_media":0,"comment_status":"open","ping_status":"open","sticky":false,"template":"","format":"standard","meta":[],"categories":[1394],"tags":[645,747],"_links":{"self":[{"href":"http:\/\/rurallascolonias.com.ar\/index.php?rest_route=\/wp\/v2\/posts\/3924"}],"collection":[{"href":"http:\/\/rurallascolonias.com.ar\/index.php?rest_route=\/wp\/v2\/posts"}],"about":[{"href":"http:\/\/rurallascolonias.com.ar\/index.php?rest_route=\/wp\/v2\/types\/post"}],"author":[{"embeddable":true,"href":"http:\/\/rurallascolonias.com.ar\/index.php?rest_route=\/wp\/v2\/users\/5"}],"replies":[{"embeddable":true,"href":"http:\/\/rurallascolonias.com.ar\/index.php?rest_route=%2Fwp%2Fv2%2Fcomments&post=3924"}],"version-history":[{"count":1,"href":"http:\/\/rurallascolonias.com.ar\/index.php?rest_route=\/wp\/v2\/posts\/3924\/revisions"}],"predecessor-version":[{"id":3926,"href":"http:\/\/rurallascolonias.com.ar\/index.php?rest_route=\/wp\/v2\/posts\/3924\/revisions\/3926"}],"wp:attachment":[{"href":"http:\/\/rurallascolonias.com.ar\/index.php?rest_route=%2Fwp%2Fv2%2Fmedia&parent=3924"}],"wp:term":[{"taxonomy":"category","embeddable":true,"href":"http:\/\/rurallascolonias.com.ar\/index.php?rest_route=%2Fwp%2Fv2%2Fcategories&post=3924"},{"taxonomy":"post_tag","embeddable":true,"href":"http:\/\/rurallascolonias.com.ar\/index.php?rest_route=%2Fwp%2Fv2%2Ftags&post=3924"}],"curies":[{"name":"wp","href":"https:\/\/api.w.org\/{rel}","templated":true}]}}