{"id":3921,"date":"2014-09-04T16:51:23","date_gmt":"2014-09-04T16:51:23","guid":{"rendered":"http:\/\/rurallascolonias.com.ar\/?p=3921"},"modified":"2014-09-04T16:51:23","modified_gmt":"2014-09-04T16:51:23","slug":"cra-diagnostico-una-critica-situacion-del-agro-argentino","status":"publish","type":"post","link":"http:\/\/rurallascolonias.com.ar\/?p=3921","title":{"rendered":"CRA diagnostic\u00f3 una cr\u00edtica situaci\u00f3n del agro argentino"},"content":{"rendered":"<div class=\"description\"><a href=\"http:\/\/rurallascolonias.com.ar\/wp-content\/uploads\/2014\/09\/agro-argentino.png\"><img loading=\"lazy\" class=\"aligncenter size-full wp-image-3922\" src=\"http:\/\/rurallascolonias.com.ar\/wp-content\/uploads\/2014\/09\/agro-argentino.png\" alt=\"agro argentino\" width=\"373\" height=\"135\" srcset=\"http:\/\/rurallascolonias.com.ar\/wp-content\/uploads\/2014\/09\/agro-argentino.png 373w, http:\/\/rurallascolonias.com.ar\/wp-content\/uploads\/2014\/09\/agro-argentino-300x108.png 300w\" sizes=\"(max-width: 373px) 100vw, 373px\" \/><\/a>Confederaciones Rurales Argentinas (CRA) asegur\u00f3 que el sector agropecuario atraviesa serias dificultades a ra\u00edz de una \u00abpol\u00edtica econ\u00f3mica sistem\u00e1tica\u00bb.<\/div>\n<div class=\"authorinfo\"><\/div>\n<p><!--more--><\/p>\n<div class=\"vsmcontent\">\n<p align=\"justify\">Explic\u00f3 en un comunicado que esa pol\u00edtica \u00abno le permiti\u00f3 aprovechar las oportunidades que posee en capital humano, incorporaci\u00f3n de tecnolog\u00eda, recursos naturales disponibles y una demanda internacional sostenida para expandir la inversi\u00f3n y la oferta de alimentos de forma constante\u00bb.<\/p>\n<p align=\"justify\">Consider\u00f3 que el ministro de Econom\u00eda de Argentina, Axel Kicillof, no conoce \u00abc\u00f3mo funciona el campo moderno, principal motor de nuestro pa\u00eds\u00bb.<\/p>\n<p align=\"justify\">\u00abLa insostenible presi\u00f3n impositiva que llega a niveles r\u00e9cord, los desincentivos para exportar por el cierre de las exportaciones, la inflaci\u00f3n en crecimiento permanente, y la falta de institucionalidad e infraestructura dinamitan el potencial de desarrollo que tiene el campo, tal como lo muestran proyecciones de la OECD, USDA y hasta el mismo Gobierno, a trav\u00e9s del fallido PEA\u00bb, indic\u00f3 la entidad que preside Rub\u00e9n Ferrero.<\/p>\n<p align=\"justify\">El comunicado se\u00f1al\u00f3 adem\u00e1s: \u00abEn este 2014 continuamos con rutas y caminos intransitables, y una infraestructura vial subdesarrollada\u00bb.<\/p>\n<p align=\"justify\">\u00abHemos ca\u00eddo en una situaci\u00f3n de elevada vulnerabilidad externa producto del derrumbe del super\u00e1vit comercial y del bajo nivel de reservas internacionales a pesar de los m\u00e1s de 350 mil millones de d\u00f3lares que el sector agropecuario aport\u00f3 desde 2003 a la fecha\u00bb, afirm\u00f3 CRA.<\/p>\n<p align=\"justify\">Fuente: <a title=\"Terra\" href=\"http:\/\/www.terra.com.ar\/\"><span style=\"color: #0066cc;\">Terra<\/span><\/a><\/p>\n<\/div>\n","protected":false},"excerpt":{"rendered":"<p>Confederaciones Rurales Argentinas (CRA) asegur\u00f3 que el sector agropecuario atraviesa serias dificultades a ra\u00edz de una \u00abpol\u00edtica econ\u00f3mica sistem\u00e1tica\u00bb.<\/p>\n","protected":false},"author":5,"featured_media":0,"comment_status":"open","ping_status":"open","sticky":false,"template":"","format":"standard","meta":[],"categories":[14],"tags":[30,1392,1391],"_links":{"self":[{"href":"http:\/\/rurallascolonias.com.ar\/index.php?rest_route=\/wp\/v2\/posts\/3921"}],"collection":[{"href":"http:\/\/rurallascolonias.com.ar\/index.php?rest_route=\/wp\/v2\/posts"}],"about":[{"href":"http:\/\/rurallascolonias.com.ar\/index.php?rest_route=\/wp\/v2\/types\/post"}],"author":[{"embeddable":true,"href":"http:\/\/rurallascolonias.com.ar\/index.php?rest_route=\/wp\/v2\/users\/5"}],"replies":[{"embeddable":true,"href":"http:\/\/rurallascolonias.com.ar\/index.php?rest_route=%2Fwp%2Fv2%2Fcomments&post=3921"}],"version-history":[{"count":1,"href":"http:\/\/rurallascolonias.com.ar\/index.php?rest_route=\/wp\/v2\/posts\/3921\/revisions"}],"predecessor-version":[{"id":3923,"href":"http:\/\/rurallascolonias.com.ar\/index.php?rest_route=\/wp\/v2\/posts\/3921\/revisions\/3923"}],"wp:attachment":[{"href":"http:\/\/rurallascolonias.com.ar\/index.php?rest_route=%2Fwp%2Fv2%2Fmedia&parent=3921"}],"wp:term":[{"taxonomy":"category","embeddable":true,"href":"http:\/\/rurallascolonias.com.ar\/index.php?rest_route=%2Fwp%2Fv2%2Fcategories&post=3921"},{"taxonomy":"post_tag","embeddable":true,"href":"http:\/\/rurallascolonias.com.ar\/index.php?rest_route=%2Fwp%2Fv2%2Ftags&post=3921"}],"curies":[{"name":"wp","href":"https:\/\/api.w.org\/{rel}","templated":true}]}}