{"id":3912,"date":"2014-09-03T13:53:23","date_gmt":"2014-09-03T13:53:23","guid":{"rendered":"http:\/\/rurallascolonias.com.ar\/?p=3912"},"modified":"2014-09-03T13:53:23","modified_gmt":"2014-09-03T13:53:23","slug":"se-desarrollaran-ocho-exposiciones-rurales-en-la-provincia-de-santa-fe-entre-septiembre-y-octubre","status":"publish","type":"post","link":"http:\/\/rurallascolonias.com.ar\/?p=3912","title":{"rendered":"Se desarrollar\u00e1n ocho exposiciones rurales en la provincia de Santa Fe entre septiembre y octubre"},"content":{"rendered":"<h2><a href=\"http:\/\/rurallascolonias.com.ar\/wp-content\/uploads\/2014\/09\/exposiciones.jpg\"><img loading=\"lazy\" class=\"aligncenter size-full wp-image-3913\" src=\"http:\/\/rurallascolonias.com.ar\/wp-content\/uploads\/2014\/09\/exposiciones.jpg\" alt=\"exposiciones\" width=\"240\" height=\"180\" \/><\/a>Los eventos fueron presentados en una conferencia brindada por el ministro de la Producci\u00f3n, Carlos Fascendini. \u00bfQu\u00e9 localidades llevar\u00e1n a cabo la muestra?<\/h2>\n<p><!--more--><\/p>\n<p>El ministro de la Producci\u00f3n, Carlos Fascendini, acompa\u00f1ado por el presidente de la Confederaci\u00f3n de Asociaciones Rurales de Santa Fe (CARSFE), Francisco Mayoraz, participaron en la capital provincial de la presentaci\u00f3n y lanzamiento de ocho exposiciones rurales del territorio santafesino que tendr\u00e1n lugar durante los pr\u00f3ximos meses.<\/p>\n<p>\u201cDesde el Ministerio de la Producci\u00f3n estamos brindando un fuerte apoyo a todas las ferias y exposiciones en la provincia, muy particularmente a las organizadas por las sociedades rurales. Venimos de un mes de agosto con un fuerte desarrollo de ferias como las de San Justo, Reconquista, Rafaela, Venado Tuerto y San Crist\u00f3bal; y hoy presentamos las ocho rurales que se van a realizar entre los meses de setiembre y octubre en nuestro territorio\u201d, indic\u00f3 el Ministro en sus palabras de apertura.<\/p>\n<p>La actividad, realizada en el sal\u00f3n Amarillo de la cartera productiva, fue organizada para que los responsables de cada entidad ruralista de las localidades implicadas, brindaran detalles de los programas previstos de las muestras organizadas en Vera (del 05\/09 al 09\/09), San Javier (11\/09 al 15\/09), Hersilia, San Carlos (ambas del 12\/09 al 14\/09), Tostado (18\/09 al 21\/09), Carlos Pellegrini (19\/09 al 21\/09), G\u00e1lvez (26\/09) y Cha\u00f1ar Ladeado (del 03\/10 al 05\/10).<\/p>\n<p>En cuanto al fuerte impulso que desde el gobierno de Santa Fe se da a este tipo de exposiciones, Fascendini expres\u00f3: \u201cNuestro desaf\u00edo es seguir apostando por la producci\u00f3n, en momentos que son realmente dif\u00edciles, donde hay una gran incomprensi\u00f3n de parte del gobierno nacional en lo que ata\u00f1e a las medidas que son necesarias para que el productor tenga la seguridad y la certidumbre de un plan que le permita proyectar a largo plazo. Hoy esto no ocurre. No ocurre con la carne, con la leche o con la mayor\u00eda de la producciones agr\u00edcolas\u201d.<\/p>\n<p>\u201cSin embargo el productor y las entidades -continu\u00f3- siguen apostando a la realizaci\u00f3n de estas ferias y exposiciones, porque avizoran que m\u00e1s all\u00e1 de esta coyuntura hay un futuro promisorio, hay un mundo que demanda alimentos que Argentina est\u00e1 en condiciones de producir. Por eso, este Ministerio, que comparte esta visi\u00f3n, est\u00e1 junto a ellos para desarrollar, de la mejor manera posible, estos eventos que brindan al productor la posibilidad de acceder al conocimiento, a la innovaci\u00f3n y a tantas otras oportunidades que se vislumbran y que tambi\u00e9n promocionan a cada una de las localidades donde estas exposiciones se realizan\u201d, manifest\u00f3 el ministro.<\/p>\n<p>Las ferias presentadas tendr\u00e1n diferentes caracter\u00edsticas. En algunas, se contempla una muestra est\u00e1tica y agro industrial; en otros casos, se tratar\u00e1 de charlas y jornadas de capacitaci\u00f3n para productores, o del tradicional remate ganadero.<\/p>\n<p>\u201cEstas rurales de Vera, Hersilia, Tostado, G\u00e1lvez, San Carlos, Carlos Pellegrini, San Javier y Cha\u00f1ar Ladeado cubren el mapa territorial de la provincia. Dudo que haya otra provincia que tenga la fortaleza de las instituciones que tenemos en Santa Fe, capaces de hacerse cargo de eventos de tal importancia. Por eso, desde el gobierno provincial celebramos esta disposici\u00f3n y deseamos que ese esfuerzo no se abandone para que todas las comunidades de nuestra provincia puedan seguir desarroll\u00e1ndose\u201d, finaliz\u00f3 Fascendini.<\/p>\n<p><strong>Fuente: Nuestro Agro<\/strong><\/p>\n","protected":false},"excerpt":{"rendered":"<p>Los eventos fueron presentados en una conferencia brindada por el ministro de la Producci\u00f3n, Carlos Fascendini. \u00bfQu\u00e9 localidades llevar\u00e1n a cabo la muestra?<\/p>\n","protected":false},"author":5,"featured_media":0,"comment_status":"open","ping_status":"open","sticky":false,"template":"","format":"standard","meta":[],"categories":[42],"tags":[1388,119],"_links":{"self":[{"href":"http:\/\/rurallascolonias.com.ar\/index.php?rest_route=\/wp\/v2\/posts\/3912"}],"collection":[{"href":"http:\/\/rurallascolonias.com.ar\/index.php?rest_route=\/wp\/v2\/posts"}],"about":[{"href":"http:\/\/rurallascolonias.com.ar\/index.php?rest_route=\/wp\/v2\/types\/post"}],"author":[{"embeddable":true,"href":"http:\/\/rurallascolonias.com.ar\/index.php?rest_route=\/wp\/v2\/users\/5"}],"replies":[{"embeddable":true,"href":"http:\/\/rurallascolonias.com.ar\/index.php?rest_route=%2Fwp%2Fv2%2Fcomments&post=3912"}],"version-history":[{"count":1,"href":"http:\/\/rurallascolonias.com.ar\/index.php?rest_route=\/wp\/v2\/posts\/3912\/revisions"}],"predecessor-version":[{"id":3914,"href":"http:\/\/rurallascolonias.com.ar\/index.php?rest_route=\/wp\/v2\/posts\/3912\/revisions\/3914"}],"wp:attachment":[{"href":"http:\/\/rurallascolonias.com.ar\/index.php?rest_route=%2Fwp%2Fv2%2Fmedia&parent=3912"}],"wp:term":[{"taxonomy":"category","embeddable":true,"href":"http:\/\/rurallascolonias.com.ar\/index.php?rest_route=%2Fwp%2Fv2%2Fcategories&post=3912"},{"taxonomy":"post_tag","embeddable":true,"href":"http:\/\/rurallascolonias.com.ar\/index.php?rest_route=%2Fwp%2Fv2%2Ftags&post=3912"}],"curies":[{"name":"wp","href":"https:\/\/api.w.org\/{rel}","templated":true}]}}