{"id":3896,"date":"2014-09-02T14:12:05","date_gmt":"2014-09-02T14:12:05","guid":{"rendered":"http:\/\/rurallascolonias.com.ar\/?p=3896"},"modified":"2014-09-02T14:12:05","modified_gmt":"2014-09-02T14:12:05","slug":"campo-sabe-de-fracasos-intervencionistas","status":"publish","type":"post","link":"http:\/\/rurallascolonias.com.ar\/?p=3896","title":{"rendered":"Campo sabe de fracasos intervencionistas"},"content":{"rendered":"<div class=\"description\" style=\"color: #333333;\"><\/div>\n<p><a href=\"http:\/\/rurallascolonias.com.ar\/wp-content\/uploads\/2014\/04\/FERRERO.jpg\"><img loading=\"lazy\" class=\"alignleft wp-image-2276 size-medium\" src=\"http:\/\/rurallascolonias.com.ar\/wp-content\/uploads\/2014\/04\/FERRERO-300x155.jpg\" alt=\"FERRERO\" width=\"300\" height=\"155\" srcset=\"http:\/\/rurallascolonias.com.ar\/wp-content\/uploads\/2014\/04\/FERRERO-300x155.jpg 300w, http:\/\/rurallascolonias.com.ar\/wp-content\/uploads\/2014\/04\/FERRERO-600x310.jpg 600w, http:\/\/rurallascolonias.com.ar\/wp-content\/uploads\/2014\/04\/FERRERO-624x322.jpg 624w, http:\/\/rurallascolonias.com.ar\/wp-content\/uploads\/2014\/04\/FERRERO.jpg 648w\" sizes=\"(max-width: 300px) 100vw, 300px\" \/><\/a>Confederaciones Rurales Argentinas expuso en la reuni\u00f3n de comisiones que el proyecto no busca en absoluto alcanzar una mayor transparencia como pretende esgrimir el Ejecutivo. Por el contrario, s\u00f3lo promueve legalizar mecanismos de intervenci\u00f3n que el sector agropecuario conoce acabadamente, como son los precios m\u00e1ximos, obligar a malvender una mercader\u00eda como en el caso del trigo y digitar qui\u00e9nes venden y qui\u00e9nes compran. Experiencias que llevaron a la ca\u00edda de la producci\u00f3n y a una gran p\u00e9rdida en el ingreso de divisas.\u00a0<!--more--><\/p>\n<div class=\"vsmcontent\" style=\"color: #333333;\">\n<p align=\"justify\">\nRechazamos totalmente el proyecto porque limita la libertad de empresa e incrementa la discrecionalidad en la aplicaci\u00f3n de la ley, concentrando el poder en un solo funcionario, m\u00e1s all\u00e1 de que se constituye en un grave avasallamiento al \u00e1mbito de decisi\u00f3n de las empresas privadas. Dentro del sector agropecuario se pueden citar tres resoluciones intervencionistas de la Secretar\u00eda de Comercio Interior y que hicieron estragos para los argentinos: en carne vacuna las resoluciones 1\/2006 y 38\/2008 establecieron precios de referencia m\u00e1ximos para toda la cadena de la carne.<\/p>\n<p>En trigo, la Resoluci\u00f3n 67\/2013 estableci\u00f3 que los actores deber\u00edan proveer adecuadamente el cereal al mercado interno, cuando es la propia Resoluci\u00f3n 543\/2008 aplicada por el Gobierno la que llev\u00f3 a desequilibrios como el precio del pan a niveles internacionales y los productores transfiriendo ingresos hacia otros eslabones como la moliner\u00eda. Los resultados siempre fueron negativos para el sector productivo, con una gran ca\u00edda en inversiones, en producci\u00f3n y en competitividad, en tanto que los consumidores tampoco obtuvieron resultados positivos, con fuertes incrementos de los alimentos.<\/p>\n<p>La intervenci\u00f3n con precios de \u00abreferencia o m\u00e1ximos\u00bb fracas\u00f3, como era previsible. En ganader\u00eda perdimos 10 millones de cabezas de ganado y este a\u00f1o estaremos en las exportaciones m\u00e1s bajas de los \u00faltimos 50. En trigo producimos la mitad de lo que podr\u00edamos producir y hemos desaparecido del mercado mundial: s\u00f3lo exportamos el 10% de la producci\u00f3n cuando llegamos al 70%.<\/p>\n<p>As\u00ed, la intenci\u00f3n del Gobierno de imponer precios m\u00e1ximos, de obligar a las empresas a producir determinados productos, de utilizar elementos sancionatorios de manera arbitral s\u00f3lo acorralar\u00e1 a\u00fan m\u00e1s a la inversi\u00f3n privada, con la consabida repercusi\u00f3n en la p\u00e9rdida de fuentes de empleo.<\/p>\n<p>Por estas razones, y en una semana de tanta importancia para nuestro pa\u00eds, requerimos a los se\u00f1ores senadores y diputados que se expidan manifestando el rechazo a este proyecto de ley.<br \/>\nPor: Rub\u00e9n Ferrero, presidente de CRA.<br \/>\nPresidente de la CRA<\/p>\n<\/div>\n","protected":false},"excerpt":{"rendered":"<p>Confederaciones Rurales Argentinas expuso en la reuni\u00f3n de comisiones que el proyecto no busca en absoluto alcanzar una mayor transparencia como pretende esgrimir el Ejecutivo. Por el contrario, s\u00f3lo promueve legalizar mecanismos de intervenci\u00f3n que el sector agropecuario conoce acabadamente, como son los precios m\u00e1ximos, obligar a malvender una mercader\u00eda como en el caso del [&hellip;]<\/p>\n","protected":false},"author":5,"featured_media":0,"comment_status":"open","ping_status":"open","sticky":false,"template":"","format":"standard","meta":[],"categories":[42],"tags":[95,1382,373],"_links":{"self":[{"href":"http:\/\/rurallascolonias.com.ar\/index.php?rest_route=\/wp\/v2\/posts\/3896"}],"collection":[{"href":"http:\/\/rurallascolonias.com.ar\/index.php?rest_route=\/wp\/v2\/posts"}],"about":[{"href":"http:\/\/rurallascolonias.com.ar\/index.php?rest_route=\/wp\/v2\/types\/post"}],"author":[{"embeddable":true,"href":"http:\/\/rurallascolonias.com.ar\/index.php?rest_route=\/wp\/v2\/users\/5"}],"replies":[{"embeddable":true,"href":"http:\/\/rurallascolonias.com.ar\/index.php?rest_route=%2Fwp%2Fv2%2Fcomments&post=3896"}],"version-history":[{"count":1,"href":"http:\/\/rurallascolonias.com.ar\/index.php?rest_route=\/wp\/v2\/posts\/3896\/revisions"}],"predecessor-version":[{"id":3897,"href":"http:\/\/rurallascolonias.com.ar\/index.php?rest_route=\/wp\/v2\/posts\/3896\/revisions\/3897"}],"wp:attachment":[{"href":"http:\/\/rurallascolonias.com.ar\/index.php?rest_route=%2Fwp%2Fv2%2Fmedia&parent=3896"}],"wp:term":[{"taxonomy":"category","embeddable":true,"href":"http:\/\/rurallascolonias.com.ar\/index.php?rest_route=%2Fwp%2Fv2%2Fcategories&post=3896"},{"taxonomy":"post_tag","embeddable":true,"href":"http:\/\/rurallascolonias.com.ar\/index.php?rest_route=%2Fwp%2Fv2%2Ftags&post=3896"}],"curies":[{"name":"wp","href":"https:\/\/api.w.org\/{rel}","templated":true}]}}