{"id":3877,"date":"2014-09-01T13:41:25","date_gmt":"2014-09-01T13:41:25","guid":{"rendered":"http:\/\/rurallascolonias.com.ar\/?p=3877"},"modified":"2014-09-01T13:41:25","modified_gmt":"2014-09-01T13:41:25","slug":"las-lacteas-pagaran-35-mas-de-salarios-atravesando-una-ruptura-institucional","status":"publish","type":"post","link":"http:\/\/rurallascolonias.com.ar\/?p=3877","title":{"rendered":"LAS L\u00c1CTEAS PAGAR\u00c1N 35% M\u00c1S DE SALARIOS, ATRAVESANDO UNA RUPTURA INSTITUCIONAL"},"content":{"rendered":"<p><span style=\"color: #000000;\"><a href=\"http:\/\/rurallascolonias.com.ar\/wp-content\/uploads\/2014\/03\/exportaciones-l\u00e1cteas.jpg\"><img loading=\"lazy\" class=\"aligncenter size-full wp-image-1752\" src=\"http:\/\/rurallascolonias.com.ar\/wp-content\/uploads\/2014\/03\/exportaciones-l\u00e1cteas.jpg\" alt=\"exportaciones l\u00e1cteas\" width=\"259\" height=\"194\" \/><\/a>Fue una reuni\u00f3n de mi\u00e9rcoles para el Centro de la Industria Lechera, pero no fue una m\u00e1s. Adem\u00e1s de ser la primera luego del fallecimiento de Pascual Mastellone y todo su significado, en el encuentro se sell\u00f3 la cifra m\u00e1s esperada del a\u00f1o para la lecher\u00eda, la del acuerdo paritario con la Asociaci\u00f3n de Trabajadores de la Industria Lechera de la Rep\u00fablica Argentina por 35 por ciento de aumento escalonado desde ahora y hasta la mitad del pr\u00f3ximo a\u00f1o. <\/span><!--more--><\/p>\n<p><span style=\"color: #000000;\">Los lecheros son siempre los \u00faltimos en cerrar su par\u00e1metro de ajuste salarial pero este a\u00f1o en particular, el dato llega para modificar el panorama que se plantea en una temporada muy complicada, derivada de las afecciones clim\u00e1ticas en la producci\u00f3n primaria, pero sobre todo de las inexactitudes pol\u00edticas con las que nunca deja de sorprender el Gobierno que en ocho meses plante\u00f3 desde la obligaci\u00f3n de crecimiento al nueve por ciento anual, las limitaciones en los precios al productor, hasta la clausura de exportaciones por volumen o precio seg\u00fan se dieron los ciclos de \u00e1nimo dentro del Ministerio de Econom\u00eda. Entonces, este septiembre se inicia con un horizonte difuso en cuanto a la posibilidad de cumplimiento de compromisos internacionales, un crecimiento productivo inminente como sello primaveral y un mercado interno abarrotado de consumo, sobre todo por la inflaci\u00f3n que le pone el freno a las compras de las amas de casa. Es as\u00ed que los sueldos de los trabajadores de las industrias seguir\u00e1n siendo de los m\u00e1s codiciados, complicando aun m\u00e1s las finanzas de un sector productivo que busca ox\u00edgeno en e se sentido y desde hace largo tiempo. Todo esto se cay\u00f3 como una catarata sobre la mesa de reuniones del CIL, que no s\u00f3lo representa a las m\u00e1s grandes del mercado, sino que cuenta en su integraci\u00f3n a industrias l\u00e1cteas de menor porte, pero no por eso de menos trascendencia en sus marcas. Fue por seguir aceptando el pago del aporte solidario que Atilra impone por empleado, de manera mensual y obligatoria que el debate se complic\u00f3 el mi\u00e9rcoles. Algo m\u00e1s de 1800 pesos por mes, que tendr\u00e1n ahora la aplicaci\u00f3n del 35 por ciento, con lo cual ser\u00edan casi 2500 pesos los que deba pagar cada industria por empleado, haciendo a un monto enorme, tanto para los m\u00e1s chicos, como para aquellos con miles de contratados que hoy ven muy compleja a esta ecuaci\u00f3n econ\u00f3mica. No hay motivos suficientes para seguir sosteniendo este pago, sobre el cual las firmas adheridas a Apymel est\u00e1n desde el a\u00f1o anterior acogi\u00e9ndose a un recurso de amparo librado por la justicia bonaerense y no llevan a cabo estas erogaciones. En este sentido, una de las m\u00e1s peque\u00f1as dentro del CIL fue la que en la reuni\u00f3n referida puso sus condiciones y dio media vuelta dejando el espacio institucional, por no considerarse representada. As\u00ed, el tradicional dulce de leche con nombre de santo se despidi\u00f3, al menos por el momento, del Centro conducido por Miguel Paul\u00f3n pero donde el verdadero peso de opini\u00f3n lo tiene unos pocos. La no defensa de los derechos industriales ante el gremio de trabajadores, pero tambi\u00e9n en reiteradas veces ante las imposiciones pol\u00edticas, pone en juego una estructura que tantas veces fue s\u00f3lida para reclamo de productores, por ejemplo, pero hoy se desvanece ante una lucha de poderes donde gana sin mucha lucha de por medio la gremial pintada de amarillo.\u00a0<\/span><\/p>\n<p>Por Elida Thiery<\/p>\n<p>&nbsp;<\/p>\n","protected":false},"excerpt":{"rendered":"<p>Fue una reuni\u00f3n de mi\u00e9rcoles para el Centro de la Industria Lechera, pero no fue una m\u00e1s. Adem\u00e1s de ser la primera luego del fallecimiento de Pascual Mastellone y todo su significado, en el encuentro se sell\u00f3 la cifra m\u00e1s esperada del a\u00f1o para la lecher\u00eda, la del acuerdo paritario con la Asociaci\u00f3n de Trabajadores [&hellip;]<\/p>\n","protected":false},"author":5,"featured_media":0,"comment_status":"open","ping_status":"open","sticky":false,"template":"","format":"standard","meta":[],"categories":[46],"tags":[89,1375,1377,1376],"_links":{"self":[{"href":"http:\/\/rurallascolonias.com.ar\/index.php?rest_route=\/wp\/v2\/posts\/3877"}],"collection":[{"href":"http:\/\/rurallascolonias.com.ar\/index.php?rest_route=\/wp\/v2\/posts"}],"about":[{"href":"http:\/\/rurallascolonias.com.ar\/index.php?rest_route=\/wp\/v2\/types\/post"}],"author":[{"embeddable":true,"href":"http:\/\/rurallascolonias.com.ar\/index.php?rest_route=\/wp\/v2\/users\/5"}],"replies":[{"embeddable":true,"href":"http:\/\/rurallascolonias.com.ar\/index.php?rest_route=%2Fwp%2Fv2%2Fcomments&post=3877"}],"version-history":[{"count":1,"href":"http:\/\/rurallascolonias.com.ar\/index.php?rest_route=\/wp\/v2\/posts\/3877\/revisions"}],"predecessor-version":[{"id":3878,"href":"http:\/\/rurallascolonias.com.ar\/index.php?rest_route=\/wp\/v2\/posts\/3877\/revisions\/3878"}],"wp:attachment":[{"href":"http:\/\/rurallascolonias.com.ar\/index.php?rest_route=%2Fwp%2Fv2%2Fmedia&parent=3877"}],"wp:term":[{"taxonomy":"category","embeddable":true,"href":"http:\/\/rurallascolonias.com.ar\/index.php?rest_route=%2Fwp%2Fv2%2Fcategories&post=3877"},{"taxonomy":"post_tag","embeddable":true,"href":"http:\/\/rurallascolonias.com.ar\/index.php?rest_route=%2Fwp%2Fv2%2Ftags&post=3877"}],"curies":[{"name":"wp","href":"https:\/\/api.w.org\/{rel}","templated":true}]}}