{"id":3875,"date":"2014-09-01T13:33:35","date_gmt":"2014-09-01T13:33:35","guid":{"rendered":"http:\/\/rurallascolonias.com.ar\/?p=3875"},"modified":"2014-09-01T13:33:35","modified_gmt":"2014-09-01T13:33:35","slug":"las-economias-regionales-sufren-una-presion-impositiva-injustificada","status":"publish","type":"post","link":"http:\/\/rurallascolonias.com.ar\/?p=3875","title":{"rendered":"\u00abLas econom\u00edas regionales sufren una presi\u00f3n impositiva injustificada\u00bb"},"content":{"rendered":"<p><a href=\"http:\/\/rurallascolonias.com.ar\/wp-content\/uploads\/2013\/12\/FERRERO.png\"><img loading=\"lazy\" class=\"alignleft size-full wp-image-302\" src=\"http:\/\/rurallascolonias.com.ar\/wp-content\/uploads\/2013\/12\/FERRERO.png\" alt=\"FERRERO\" width=\"259\" height=\"194\" \/><\/a>Para Ruben Ferrero, es necesario \u00abeliminar los derechos de exportaci\u00f3n a cultivos no tradicionales\u00bb<!--more--><\/p>\n<p>&nbsp;<\/p>\n<p>El titular de Confederaciones Rurales Argentinas, Rub\u00e9n Ferrero, opino que \u00abla econom\u00eda nacional se est\u00e1 hundiendo cada vez m\u00e1s, producto de los constantes errores. Solo tres ejemplos: ca\u00edda de la econom\u00eda en 3%, inflaci\u00f3n del 40%, sin competitividad, p\u00e9rdida de salario real del 7% y 300 mil desocupados\u00bb.<\/p>\n<p>Ferrero expres\u00f3 en relaci\u00f3n a la situaci\u00f3n productiva que se vive en\u00a0el NOA\u00a0que \u00ablas econom\u00edas regionales\u00a0sufren una presi\u00f3n impositiva injustificada que no permite su desarrollo. Cuanto antes es necesario eliminar los derechos de exportaci\u00f3n a cultivos no tradicionales como la ch\u00eda, c\u00e1rtamo, qu\u00ednoa, amaranto, el ma\u00edz pisingallo, s\u00e9samo y el girasol confitero\u00bb. En ese mismo sentido el titular de CRA dijo que \u00ablos errores con la pol\u00edtica de comercializaci\u00f3n tambi\u00e9n impactan fuertemente sobre el trigo en la regi\u00f3n. Se necesita incentivar la inversi\u00f3n para poder abastecer con exportaciones de trigo y ma\u00edz a Bolivia y el norte de Chile\u00bb.<\/p>\n<p>El titular\u00a0confederado dijo que, como en todo el pa\u00eds, \u00abproducir ma\u00edz es inviable por la presi\u00f3n impositiva r\u00e9cord, el cierre de exportaciones y en la regi\u00f3n NOA por los alt\u00edsimos costos de los fletes que se llevan m\u00e1s del 50% del precio final. Pero para revertir esta situaci\u00f3n y contar con fletes mucho m\u00e1s econ\u00f3micos es necesario invertir en infraestructura, y por ejemplo, en un transporte como el Belgrano Cargas que sea activo y moderno\u00bb.<\/p>\n<p>Del mismo modo\u00a0Ferrero no dej\u00f3 de lado en su discurso la preocupaci\u00f3n del empresariado nacional ante el proyecto de Ley de Abastecimiento. \u00abRechazamos totalmente el proyecto porque limita la libertad de empresa e incrementa fuertemente la discrecionalidad en la aplicaci\u00f3n de\u00a0la Ley, concentrando el poder en un solo funcionario. M\u00e1s all\u00e1 de que se constituye en un grave avasallamiento al \u00e1mbito de decisi\u00f3n de las empresas privadas\u00bb.<\/p>\n<p>Asimismo se refiri\u00f3 a las \u00faltimas medidas del Ejecutivo en materia agropecuaria como el cierre de las exportaciones de carnes y leche. \u00abEl Gobierno sigue con la misma l\u00f3gica de actuar negligentemente sin conocimiento de lo que realmente sucede en el sector y con una soberbia absoluta creyendo que tienen la verdad, sin mirar hacia atr\u00e1s y ver todo el da\u00f1o que le han hecho a\u00a0la Argentina. Es\u00a0incre\u00edble pero el Gobierno sigue aplaudiendo su propio fracaso. Se debe hacer todo lo posible para\u00a0que crezcan las producciones\u00a0y no trabarlas con resoluciones burocraticas\u00bb.<\/p>\n<p>Rub\u00e9n Ferrero manifest\u00f3 adem\u00e1s, haciendo referencia a los dichos en Salta de un representante ind\u00edgena que solicita que lo dejen trabajar, \u00abque se debe hacer todo lo posible desde los Estados para permitir trabajar y crecer productivamente. Y no entorpecer con resoluciones burocraticas que perjudican a todos, pero le pegan m\u00e1s duro a los que menos tienen\u00bb.<\/p>\n<p>Por ultimo Ferrero se refiri\u00f3 a la necesidad de generar concensos y record\u00f3 la relaci\u00f3n del caudillo salte\u00f1o Mart\u00edn Miguel de Guemes y Manuel Belgrano, \u00abquienes a pesar de sus diferencias iniciales con humildad y grandeza trabajaron con tes\u00f3n y esfuerzo por el bien de\u00a0la Patria\u00bb<\/p>\n<p>Fuente:\u00a0<a href=\"http:\/\/www.on24.com.ar\/\">ON24 Agro<\/a><\/p>\n","protected":false},"excerpt":{"rendered":"<p>Para Ruben Ferrero, es necesario \u00abeliminar los derechos de exportaci\u00f3n a cultivos no tradicionales\u00bb<\/p>\n","protected":false},"author":5,"featured_media":0,"comment_status":"open","ping_status":"open","sticky":false,"template":"","format":"standard","meta":[],"categories":[42],"tags":[1373,1374],"_links":{"self":[{"href":"http:\/\/rurallascolonias.com.ar\/index.php?rest_route=\/wp\/v2\/posts\/3875"}],"collection":[{"href":"http:\/\/rurallascolonias.com.ar\/index.php?rest_route=\/wp\/v2\/posts"}],"about":[{"href":"http:\/\/rurallascolonias.com.ar\/index.php?rest_route=\/wp\/v2\/types\/post"}],"author":[{"embeddable":true,"href":"http:\/\/rurallascolonias.com.ar\/index.php?rest_route=\/wp\/v2\/users\/5"}],"replies":[{"embeddable":true,"href":"http:\/\/rurallascolonias.com.ar\/index.php?rest_route=%2Fwp%2Fv2%2Fcomments&post=3875"}],"version-history":[{"count":1,"href":"http:\/\/rurallascolonias.com.ar\/index.php?rest_route=\/wp\/v2\/posts\/3875\/revisions"}],"predecessor-version":[{"id":3876,"href":"http:\/\/rurallascolonias.com.ar\/index.php?rest_route=\/wp\/v2\/posts\/3875\/revisions\/3876"}],"wp:attachment":[{"href":"http:\/\/rurallascolonias.com.ar\/index.php?rest_route=%2Fwp%2Fv2%2Fmedia&parent=3875"}],"wp:term":[{"taxonomy":"category","embeddable":true,"href":"http:\/\/rurallascolonias.com.ar\/index.php?rest_route=%2Fwp%2Fv2%2Fcategories&post=3875"},{"taxonomy":"post_tag","embeddable":true,"href":"http:\/\/rurallascolonias.com.ar\/index.php?rest_route=%2Fwp%2Fv2%2Ftags&post=3875"}],"curies":[{"name":"wp","href":"https:\/\/api.w.org\/{rel}","templated":true}]}}