{"id":384,"date":"2013-12-09T02:44:08","date_gmt":"2013-12-09T02:44:08","guid":{"rendered":"http:\/\/rurallascolonias.com.ar\/?p=384"},"modified":"2013-12-09T02:44:08","modified_gmt":"2013-12-09T02:44:08","slug":"fuerte-temporal-en-el-centro-del-pais","status":"publish","type":"post","link":"http:\/\/rurallascolonias.com.ar\/?p=384","title":{"rendered":"FUERTE TEMPORAL EN EL CENTRO DEL PA\u00cdS"},"content":{"rendered":"<p><strong><em>Intensa lluvia, r\u00e1fagas de viento y granizo<\/em><\/strong><\/p>\n<p><a href=\"http:\/\/rurallascolonias.com.ar\/wp-content\/uploads\/2013\/12\/temporal.jpg\"><img loading=\"lazy\" class=\"aligncenter size-full wp-image-385\" alt=\"temporal\" src=\"http:\/\/rurallascolonias.com.ar\/wp-content\/uploads\/2013\/12\/temporal.jpg\" width=\"259\" height=\"194\" \/><\/a>El Servicio Meteorol\u00f3gico Nacional lanz\u00f3 un alerta para el norte y centro de la provincia de Buenos Aires, sur de Entre R\u00edos, este de La Rioja, sur de Santa Fe y Capital Federal.<!--more--><\/p>\n<p>El organismo nacional indic\u00f3 que se registraban \u00e1reas de lluvias y tormentas en el norte de San Luis, sur de C\u00f3rdoba, y el noroeste y centro de la provincia de Buenos Aires.<\/p>\n<p>Se preve\u00eda que, entre el transcurso del d\u00eda de hoy y la madrugada de ma\u00f1ana lunes, tales \u00e1reas de tormentas tiendan a intensificarse y a extenderse al resto del \u00e1rea de cobertura.<\/p>\n<p>Algunas de las tormentas pueden alcanzar intensidad de fuerte, pudiendo provocar r\u00e1fagas de viento intenso, abundante ca\u00edda de agua en cortos periodos de tiempo, y ocasional ca\u00edda de granizo.<\/p>\n<p>Las condiciones tender\u00e1n a mejorar gradualmente de sudoeste a noreste durante la madrugada de ma\u00f1ana.<\/p>\n<p>En la ciudad cordobesa de Rio Cuarto, un intenso temporal de lluvia, viento y pedrea provoc\u00f3 cortes de luz y dej\u00f3 \u00e1rboles y antenas ca\u00eddas.<\/p>\n<p>El intendente local, Juan Jure, form\u00f3 un comit\u00e9 de crisis con integrantes del gobierno provincial y pidi\u00f3 a los vecinos que no salgan de sus casas por la inmensa cantidad de cables y postes de luz ca\u00eddos durante el temporal.<\/p>\n<p>\u201cHa sido grave, devastador. Me preocupa todo y estamos trabajando intensamente\u201d, dijo el intendente.<\/p>\n<p>En tanto, horas despu\u00e9s el gobernador de C\u00f3rdoba, Jos\u00e9 Manuel de la Sota confirm\u00f3 que no habr\u00e1 clases en la ciudad del sur cordob\u00e9s.<\/p>\n<p>Fuente: Edici\u00f3n Rural<\/p>\n","protected":false},"excerpt":{"rendered":"<p>Intensa lluvia, r\u00e1fagas de viento y granizo El Servicio Meteorol\u00f3gico Nacional lanz\u00f3 un alerta para el norte y centro de la provincia de Buenos Aires, sur de Entre R\u00edos, este de La Rioja, sur de Santa Fe y Capital Federal.<\/p>\n","protected":false},"author":5,"featured_media":0,"comment_status":"closed","ping_status":"closed","sticky":false,"template":"","format":"standard","meta":[],"categories":[40],"tags":[113,112,114,111],"_links":{"self":[{"href":"http:\/\/rurallascolonias.com.ar\/index.php?rest_route=\/wp\/v2\/posts\/384"}],"collection":[{"href":"http:\/\/rurallascolonias.com.ar\/index.php?rest_route=\/wp\/v2\/posts"}],"about":[{"href":"http:\/\/rurallascolonias.com.ar\/index.php?rest_route=\/wp\/v2\/types\/post"}],"author":[{"embeddable":true,"href":"http:\/\/rurallascolonias.com.ar\/index.php?rest_route=\/wp\/v2\/users\/5"}],"replies":[{"embeddable":true,"href":"http:\/\/rurallascolonias.com.ar\/index.php?rest_route=%2Fwp%2Fv2%2Fcomments&post=384"}],"version-history":[{"count":1,"href":"http:\/\/rurallascolonias.com.ar\/index.php?rest_route=\/wp\/v2\/posts\/384\/revisions"}],"predecessor-version":[{"id":386,"href":"http:\/\/rurallascolonias.com.ar\/index.php?rest_route=\/wp\/v2\/posts\/384\/revisions\/386"}],"wp:attachment":[{"href":"http:\/\/rurallascolonias.com.ar\/index.php?rest_route=%2Fwp%2Fv2%2Fmedia&parent=384"}],"wp:term":[{"taxonomy":"category","embeddable":true,"href":"http:\/\/rurallascolonias.com.ar\/index.php?rest_route=%2Fwp%2Fv2%2Fcategories&post=384"},{"taxonomy":"post_tag","embeddable":true,"href":"http:\/\/rurallascolonias.com.ar\/index.php?rest_route=%2Fwp%2Fv2%2Ftags&post=384"}],"curies":[{"name":"wp","href":"https:\/\/api.w.org\/{rel}","templated":true}]}}