{"id":3814,"date":"2014-08-27T16:09:12","date_gmt":"2014-08-27T16:09:12","guid":{"rendered":"http:\/\/rurallascolonias.com.ar\/?p=3814"},"modified":"2014-08-27T16:09:12","modified_gmt":"2014-08-27T16:09:12","slug":"el-campo-asegura-que-no-bajara-la-carne-por-el-cierre-de-exportaciones","status":"publish","type":"post","link":"http:\/\/rurallascolonias.com.ar\/?p=3814","title":{"rendered":"El campo asegura que no bajar\u00e1 la carne por el cierre de exportaciones"},"content":{"rendered":"<div class=\"description\" style=\"color: #333333;\"><a href=\"http:\/\/rurallascolonias.com.ar\/wp-content\/uploads\/2014\/08\/carne.jpg\"><img loading=\"lazy\" class=\"aligncenter size-full wp-image-3815\" src=\"http:\/\/rurallascolonias.com.ar\/wp-content\/uploads\/2014\/08\/carne.jpg\" alt=\"carne\" width=\"297\" height=\"169\" \/><\/a>Desde la mesa de enlace provincial remarcaron que las nuevas disposiciones s\u00f3lo \u201cprofundizar\u00e1n la crisis del sector\u201d.<\/div>\n<p><!--more--><\/p>\n<div class=\"authorinfo\" style=\"color: #333333;\"><\/div>\n<div class=\"vsmcontent\" style=\"color: #333333;\">\n<p align=\"justify\">Luego de firmar un comunicado conjunto con el gobierno de la provincia, la mesa de enlace provincial arremeti\u00f3 nuevamente contra las \u00faltimas disposiciones de la Naci\u00f3n referidas a limitar las exportaciones de carne como mecanismo para intentar bajar el precio de los cortes en las g\u00f3ndolas.<\/p>\n<p>En el \u00faltimo a\u00f1o, los valores de la carne crecieron hasta un 50% y encendi\u00f3 la alarma en el Ministerio de Econom\u00eda, que termin\u00f3 anunciando a los frigor\u00edficos que por 15 d\u00edas se suspend\u00edan las ventas al exterior.<\/p>\n<p>\u201cNo tenemos dudas de que va a provocar lo contrario. El Gobierno piensa que as\u00ed va a bajar el precio de la carne, cuando en realidad eso responde a la ley de la oferta y la demanda\u201d, sintetiz\u00f3 Marcos Giraudo, titular de Coninagro en la provincia de C\u00f3rdoba.<\/p>\n<p>Sobre la pol\u00edtica ganadera en el pa\u00eds, el dirigente ruralista puso como ejemplo que \u201cen Uruguay hay 12 millones de cabezas y exporta 400 mil toneladas de carne; nosotros tenemos 50 millones de cabezas y exportamos 150 mil toneladas. De ninguna manera el efecto buscado por el Gobierno va a ocurrir. Esto es un mensaje, un relato que se incluye en este modelo que fracas\u00f3. Y por si fuera poco ahora dicen que cerrar\u00edan la exportaci\u00f3n de leche en polvo, que es otra burrada\u201d, calific\u00f3 Giraudo. Con respecto a ese \u00faltimo punto, ayer corri\u00f3 el rumor desmentido luego por el secretario de Comercio, Augusto Costa -ver p\u00e1gina 4-, de que el Gobierno avanzar\u00eda tambi\u00e9n con el bloqueo de la leche en polvo, con la misma intenci\u00f3n de volcar toda la producci\u00f3n al mercado interno y as\u00ed recomponer la oferta y bajar precios.<\/p>\n<p>\u201cSi se quiere bajar la carne debe haber una sobreoferta de carne y para que eso ocurra debe haber una sobreoferta de gordos, que es lo que no est\u00e1 ocurriendo hoy. En la leche es igual. Est\u00e1 claro que el productor tambero no es responsable de lo que ocurre con el precio de la leche en la g\u00f3ndola. Se demostr\u00f3 siempre que es el m\u00e1s perjudicado en esta cadena. Pero bueno, esto es el resultado de la pol\u00edtica que aplica el Gobierno, que no s\u00e9 qui\u00e9n lo asesora porque hace todo lo contrario a lo que indica el manual\u201d, remarc\u00f3 Giraudo. Y agreg\u00f3: \u201cEstamos convencidos de que con esto lo \u00fanico que van a lograr es profundizar la crisis\u201d.<\/p>\n<p>\u00bfY por qu\u00e9 suben los precios?<\/p>\n<p>Hay que pregunt\u00e1rselo a la parte de la cadena que nunca interrogan. No hablen con el tambero o la industria. Despu\u00e9s de la puerta de la f\u00e1brica hay que preguntar qu\u00e9 pasa. Y lo mismo ocurre con la carne, porque el productor agropecuario no hace un ternero de un d\u00eda para el otro. Hay inversi\u00f3n y en los engordes a corral los n\u00fameros son muy finos, hay que comprar y vender muy bien. Y en un escenario de falta de previsibilidad est\u00e1 claro que la producci\u00f3n no es la culpable.<\/p>\n<p>\u00bfY entonces?<\/p>\n<p>Por eso pedimos la eliminaci\u00f3n de los ROE. Porque si el Gobierno dice que abre las exportaciones, con los ROE se las puede seguir trabando. Porque uno va a pedir un permiso de exportaci\u00f3n y se lo niegan. Mientras exista eso ser\u00e1 muy dif\u00edcil producir.<\/p>\n<p>\u00bfD\u00f3nde est\u00e1 la ra\u00edz?<\/p>\n<p>El tema m\u00e1s preocupante es la inflaci\u00f3n, que es lo que produce en el fondo todo esto.<br \/>\nLos combustibles se est\u00e1n yendo a las nubes, cuando hace unos a\u00f1os no eran significativos en la estructura de costos. Y llegamos a este combo que el Gobierno busca compensar al cerrar exportaciones.<\/p>\n<p>\u00bfQu\u00e9 pasar\u00e1 con la falta de rentabilidad para el ma\u00edz en el pr\u00f3ximo ciclo?<\/p>\n<p>Soy muy negativo en eso y tengo un dolor muy grande. ACA hizo un esfuerzo muy grande en Villa Mar\u00eda junto con 73 cooperativas para crear una planta de bioetanol para avanzar en el camino de agregar valor a la materia prima. A eso hay que sumar las que que existen en Alejandro y R\u00edo Cuarto, entre las que se iba a procesar un mill\u00f3n de toneladas. Hoy nos encontramos con que los costos y la baja internacional de precios y la falta de previsibilidad lleva al ma\u00edz a ser un cultivo de gran riesgo. Sumado a que es vital para la rotaci\u00f3n. Y muchos deciden sacrificar eso y reducen la siembra. No me caben dudas de que volvemos para atr\u00e1s dr\u00e1sticamente con el ma\u00edz. Entonces, \u00bfpara qu\u00e9 se invirti\u00f3 como se hizo en el agregado de valor?<\/p>\n<div align=\"justify\"><strong>Schiaretti pidi\u00f3 eliminar los ROE y abrir exportaciones<br \/>\n<\/strong><\/div>\n<p align=\"justify\">\n<p>El diputado nacional y ex gobernador Juan Schiaretti present\u00f3 un proyecto de ley para derogar los permisos previos de exportaci\u00f3n y eliminar las retenciones al complejo c\u00e1rnico de Argentina.<\/p>\n<p>Al respecto se\u00f1al\u00f3 que \u00abla desastrosa pol\u00edtica aplicada por el gobierno nacional para el\u00a0 complejo c\u00e1rnico lo \u00fanico que consigui\u00f3 es que disminuyeran millones de cabezas de ganado, que Uruguay y Paraguay nos hayan superado en la exportaci\u00f3n de carnes, que el precio de los cortes de consumo popular est\u00e9n por las nubes, que los argentinos hayamos dejado de ser el pa\u00eds que m\u00e1s carne vacuna consume por habitante al a\u00f1o, ya que nos super\u00f3 Uruguay, y que se cierren frigor\u00edficos perdi\u00e9ndose numerosos puestos de trabajo. Por eso hay que derogar de manera urgente los permisos previos de exportaci\u00f3n y eliminar las retenciones al complejo c\u00e1rnico, para que haya mas producci\u00f3n, m\u00e1s trabajo y menor precio de la carne que consumimos los argentinos\u00bb.<\/p>\n<p><strong>CRA, contra las trabas a las ventas externas de leche<br \/>\n<\/strong><\/p>\n<p align=\"justify\">\nAnte los rumores de que el Gobierno nacional restringir\u00e1 las exportaciones de productos l\u00e1cteos para aumentar la oferta del mercado interno y controlar subas de precios en g\u00f3ndola, Confederaciones Rurales Argentinas (CRA) advirti\u00f3 que esta medida \u201cservir\u00e1 \u00fanicamente para herir de muerte a la lecher\u00eda, destrozando la producci\u00f3n l\u00e1ctea\u201d.<\/p>\n<p>\u201cEste nuevo desacierto se suma, entre otros, al cierre de las exportaciones de carne y al cepo a la comercializaci\u00f3n de trigo, y reafirma la posici\u00f3n de la Secretar\u00eda de Comercio Interior, que en marzo pasado amenaz\u00f3 con la quita de ROE (permisos de exportaci\u00f3n) a las industrias l\u00e1cteas que pagaran por encima de 3 pesos el litro de leche a los productores tamberos\u201d, remarc\u00f3 mediante un comunicado la entidad ruralista.<\/p>\n<p>\u201cEsta pol\u00edtica marcadamente intervencionista ha dado a la fecha resultados nefastos para la econom\u00eda nacional y para los consumidores que a consecuencia del constante crecimiento de la \u00a0inflaci\u00f3n ven encarecer d\u00eda a d\u00eda los productos b\u00e1sicos\u201d, agreg\u00f3 CRA.<\/p>\n<p>Mientras en Argentina seguimos produciendo lo mismo que en 1999, otros pa\u00edses productores de leche (como Uruguay, Brasil y Nueva Zelanda) sin intervenci\u00f3n estatal crecieron por encima del 30% en la oferta de 2006 a la fecha, asegur\u00f3 la entidad.<\/p>\n<p>\u201cEs por eso que este tipo de medidas carecen de justificaci\u00f3n alguna, dado que el consumo interno se encuentra normalmente abastecido. Desde CRA seguimos trabajando en la elaboraci\u00f3n de propuestas que evitando esta da\u00f1ina intervenci\u00f3n nos permitan crecer\u201d, indic\u00f3.<\/p>\n<p align=\"justify\">Fuente:\u00a0<a title=\"Puntal\" href=\"http:\/\/www.puntual.com.ar\/\">Puntal<\/a><\/p>\n<\/div>\n","protected":false},"excerpt":{"rendered":"<p>Desde la mesa de enlace provincial remarcaron que las nuevas disposiciones s\u00f3lo \u201cprofundizar\u00e1n la crisis del sector\u201d.<\/p>\n","protected":false},"author":5,"featured_media":0,"comment_status":"open","ping_status":"open","sticky":false,"template":"","format":"standard","meta":[],"categories":[42],"tags":[95,1353],"_links":{"self":[{"href":"http:\/\/rurallascolonias.com.ar\/index.php?rest_route=\/wp\/v2\/posts\/3814"}],"collection":[{"href":"http:\/\/rurallascolonias.com.ar\/index.php?rest_route=\/wp\/v2\/posts"}],"about":[{"href":"http:\/\/rurallascolonias.com.ar\/index.php?rest_route=\/wp\/v2\/types\/post"}],"author":[{"embeddable":true,"href":"http:\/\/rurallascolonias.com.ar\/index.php?rest_route=\/wp\/v2\/users\/5"}],"replies":[{"embeddable":true,"href":"http:\/\/rurallascolonias.com.ar\/index.php?rest_route=%2Fwp%2Fv2%2Fcomments&post=3814"}],"version-history":[{"count":1,"href":"http:\/\/rurallascolonias.com.ar\/index.php?rest_route=\/wp\/v2\/posts\/3814\/revisions"}],"predecessor-version":[{"id":3816,"href":"http:\/\/rurallascolonias.com.ar\/index.php?rest_route=\/wp\/v2\/posts\/3814\/revisions\/3816"}],"wp:attachment":[{"href":"http:\/\/rurallascolonias.com.ar\/index.php?rest_route=%2Fwp%2Fv2%2Fmedia&parent=3814"}],"wp:term":[{"taxonomy":"category","embeddable":true,"href":"http:\/\/rurallascolonias.com.ar\/index.php?rest_route=%2Fwp%2Fv2%2Fcategories&post=3814"},{"taxonomy":"post_tag","embeddable":true,"href":"http:\/\/rurallascolonias.com.ar\/index.php?rest_route=%2Fwp%2Fv2%2Ftags&post=3814"}],"curies":[{"name":"wp","href":"https:\/\/api.w.org\/{rel}","templated":true}]}}