{"id":3783,"date":"2014-08-25T10:30:59","date_gmt":"2014-08-25T10:30:59","guid":{"rendered":"http:\/\/rurallascolonias.com.ar\/?p=3783"},"modified":"2014-08-25T10:30:59","modified_gmt":"2014-08-25T10:30:59","slug":"leyes-a-la-venezolana","status":"publish","type":"post","link":"http:\/\/rurallascolonias.com.ar\/?p=3783","title":{"rendered":"Leyes a la venezolana"},"content":{"rendered":"<div class=\"description\" style=\"color: #333333;\"><a href=\"http:\/\/rurallascolonias.com.ar\/wp-content\/uploads\/2014\/02\/FERRERO-5.jpg\"><img loading=\"lazy\" class=\"alignleft size-full wp-image-1494\" src=\"http:\/\/rurallascolonias.com.ar\/wp-content\/uploads\/2014\/02\/FERRERO-5.jpg\" alt=\"FERRERO 5\" width=\"248\" height=\"156\" \/><\/a>Mientras se debate una nueva ley de abastecimiento, cerraron de palabra las exportaciones<\/div>\n<p><!--more--><\/p>\n<div class=\"vsmcontent\" style=\"color: #333333;\">\n<p style=\"color: #333333;\">Usted y yo ya sabemos, compa\u00f1ero don Productivo, que la Argentina y Venezuela han ido en los \u00faltimos a\u00f1os en la punta de la tabla del campeonato de pa\u00edses del mundo con mayores \u00edndices de inflaci\u00f3n&#8230;<\/p>\n<p style=\"color: #333333;\">\u2013Bueno, pero tranquil\u00edcese, camarada don Tecnol\u00f3gico, que ahora se viene una ley para, por fin, poner en caja a quienes especulan con los precios.<\/p>\n<p style=\"color: #333333;\">\u2013Como iron\u00eda, se lo acepto. Pero esta semana ya apareci\u00f3 otra vez el expediente de frenar o cerrar las exportaciones de carne porque subi\u00f3 la hacienda en Liniers. C\u00f3mo ser\u00eda si realmente estuvi\u00e9semos en el club de los exportadores. Con un stock de 50 millones de cabezas, estamos por debajo de las 150 mil toneladas anuales. Y nuestros vecinos de Paraguay, con 11-12 millones de cabezas ya nos pasaron el trapo hace rato y est\u00e1n exportando 400 mil toneladas.<\/p>\n<p style=\"color: #333333;\">\u2013A prop\u00f3sito de leyes: la reforma que mand\u00f3 el Ejecutivo al Congreso sobre la ley de abastecimiento levant\u00f3 la oposici\u00f3n de todo el arco empresarial.<\/p>\n<p style=\"color: #333333;\">\u2013As\u00ed es. El mi\u00e9rcoles estuvo en C\u00f3rdoba Rub\u00e9n Ferrero, presidente de CRA, en el congreso sobre la lucha sanitaria contra la aftosa, justo cuando en Buenos Aires le comunicaban a los frigor\u00edficos que le cerraban el grifo de la exportaci\u00f3n.<\/p>\n<p style=\"color: #333333;\">\u2013\u00bfY qu\u00e9 dijo el hombre al respecto?<\/p>\n<p style=\"color: #333333;\">\u2013Con el tono calmo que le conocemos al hombre de la cuenca lechera santafesina, no se anduvo con chiquitas. Juzg\u00f3 para nada oportuno que el Gobierno mande al Congreso leyes que la sociedad est\u00e1 rechazando, en momentos de conflictos internos, y que tampoco es momento adecuado para mandar una reforma en ley de abastecimiento cuando la Argentina necesita inversiones. Y consider\u00f3 que \u201cuna ley a la venezolana\u201d como esta traer\u00e1 m\u00e1s incertidumbre. Ser\u00e1 mucho peor el remedio que la enfermedad.<\/p>\n<p style=\"color: #333333;\">\u2013Ya que tocamos el tema: otro integrante de la Mesa de Enlace rural, Carlos Garetto, presidente de Coninagro, fue al plenario de comisiones del Senado y les advirti\u00f3 a los legisladores que ese proyecto le pone \u201cun cepo\u201d a la producci\u00f3n y por eso \u201cpone en riesgo la mesa de los argentinos\u201d, ya que el precio es el mayor incentivo para quien produce. Seg\u00fan Garetto, la discrecionalidad es hoy la que est\u00e1 afectando la formaci\u00f3n de precios en el mercado.<\/p>\n<\/div>\n<div class=\"copyright\" style=\"color: #333333;\">\n<div class=\"author\">La Voz del Interior<\/div>\n<\/div>\n","protected":false},"excerpt":{"rendered":"<p>Mientras se debate una nueva ley de abastecimiento, cerraron de palabra las exportaciones<\/p>\n","protected":false},"author":5,"featured_media":0,"comment_status":"open","ping_status":"open","sticky":false,"template":"","format":"standard","meta":[],"categories":[33],"tags":[1319,31],"_links":{"self":[{"href":"http:\/\/rurallascolonias.com.ar\/index.php?rest_route=\/wp\/v2\/posts\/3783"}],"collection":[{"href":"http:\/\/rurallascolonias.com.ar\/index.php?rest_route=\/wp\/v2\/posts"}],"about":[{"href":"http:\/\/rurallascolonias.com.ar\/index.php?rest_route=\/wp\/v2\/types\/post"}],"author":[{"embeddable":true,"href":"http:\/\/rurallascolonias.com.ar\/index.php?rest_route=\/wp\/v2\/users\/5"}],"replies":[{"embeddable":true,"href":"http:\/\/rurallascolonias.com.ar\/index.php?rest_route=%2Fwp%2Fv2%2Fcomments&post=3783"}],"version-history":[{"count":1,"href":"http:\/\/rurallascolonias.com.ar\/index.php?rest_route=\/wp\/v2\/posts\/3783\/revisions"}],"predecessor-version":[{"id":3784,"href":"http:\/\/rurallascolonias.com.ar\/index.php?rest_route=\/wp\/v2\/posts\/3783\/revisions\/3784"}],"wp:attachment":[{"href":"http:\/\/rurallascolonias.com.ar\/index.php?rest_route=%2Fwp%2Fv2%2Fmedia&parent=3783"}],"wp:term":[{"taxonomy":"category","embeddable":true,"href":"http:\/\/rurallascolonias.com.ar\/index.php?rest_route=%2Fwp%2Fv2%2Fcategories&post=3783"},{"taxonomy":"post_tag","embeddable":true,"href":"http:\/\/rurallascolonias.com.ar\/index.php?rest_route=%2Fwp%2Fv2%2Ftags&post=3783"}],"curies":[{"name":"wp","href":"https:\/\/api.w.org\/{rel}","templated":true}]}}