{"id":3773,"date":"2014-08-22T15:53:40","date_gmt":"2014-08-22T15:53:40","guid":{"rendered":"http:\/\/rurallascolonias.com.ar\/?p=3773"},"modified":"2014-08-22T15:53:40","modified_gmt":"2014-08-22T15:53:40","slug":"rechazo-de-productores-e-industriales-al-freno-oficial-a-la-exportacion-de-carnes","status":"publish","type":"post","link":"http:\/\/rurallascolonias.com.ar\/?p=3773","title":{"rendered":"Rechazo de productores e industriales al freno oficial a la exportaci\u00f3n de carnes"},"content":{"rendered":"<div class=\"description\" style=\"color: #333333;\"><a href=\"http:\/\/rurallascolonias.com.ar\/wp-content\/uploads\/2014\/08\/exportaci\u00f3n-de-carne.jpg\"><img loading=\"lazy\" class=\"aligncenter size-full wp-image-3774\" src=\"http:\/\/rurallascolonias.com.ar\/wp-content\/uploads\/2014\/08\/exportaci\u00f3n-de-carne.jpg\" alt=\"exportaci\u00f3n de carne\" width=\"275\" height=\"183\" \/><\/a>Las cuatro gremiales del agro, frigor\u00edficos y carniceros dicen que limitar la venta externa no bajar\u00e1 los precios.<\/div>\n<p><!--more--><\/p>\n<div class=\"authorinfo\" style=\"color: #333333;\"><\/div>\n<div class=\"vsmcontent\" style=\"color: #333333;\">\n<p align=\"justify\">Las cuatro entidades agropecuarias, industriales frigor\u00edficos y de carnicer\u00edas salieron ayer a cuestionar el freno a las exportaciones de carne que dispuso el Gobierno, en un nuevo intento por contener la escalada de los valores de la hacienda en pie, que en dos semanas subieron hasta 20%, y evitar que llegue a los mostradores. Como inform\u00f3 ayer El Cronista, Comercio Interior no autorizar\u00e1 exportar carne por 15 d\u00edas. Ayer el jefe de Gabinete, Jorge Capitanich, justific\u00f3 las<br \/>\nrestricciones y remarc\u00f3 que que los aumentos del precio de la hacienda no responden a falta de animales sino a que los productores retienen el ganado ante la expectativa de que habr\u00e1 mayores exportaciones por la nueva cuota para feedlots de Europa y un posible incremento de ventas a Rusia. Las exportaciones c\u00e1rnicas est\u00e1n los niveles m\u00e1s bajos de las \u00faltimas cinco<br \/>\nd\u00e9cadas y representan apenas el 6% del total producido.<br \/>\nPor separado, Sociedad Rural (SRA), Federaci\u00f3n Agraria (FAA); Coninagro y\u00a0<strong>Confederaciones Rurales (CRA)<\/strong>\u00a0expresaron su malestar ante lo que consideraron una medida de \u201cautoritarismo econ\u00f3mico\u201d que ya fracas\u00f3. Eso porque la receta de cerrar exportaciones c\u00e1rnicas como m\u00e9todo de garantizar el abastecimiento interno a precios \u201cbajos\u201d ya la intent\u00f3 Guillermo Moreno cuando estaba al frente de la Secretar\u00eda de Comercio Interior, con resultados contrarios a los esgrimidos: 12000 cabezas de ganado menos en el stock, m\u00e1s de 130 frigor\u00edficos cerrados y 15000 puestos de trabajo afectados.<br \/>\n<strong>CRA<\/strong>\u00a0plante\u00f3 que se trata de una \u201cmedia torpe, errada y negativa para el sector ganadero y para la ciudadan\u00eda que a diario paga precios m\u00e1s elevados por la carne que consume\u201d. La entidad que preside\u00a0<strong>Rub\u00e9n Ferrero<\/strong>\u00a0se\u00f1al\u00f3 que \u201cla inflaci\u00f3n en g\u00f3ndola estimada para este a\u00f1o trepar\u00e1 al 40% mientras la exportaci\u00f3n de carne vacuna de argentina ser\u00e1 la m\u00e1s baja de los \u00faltimos 50 a\u00f1os, producto de la pol\u00edtica de intervenci\u00f3n en el mercado a trav\u00e9s de la resoluci\u00f3n 42\/2008 y el impuesto a la exportaci\u00f3n (retenciones) del 15%\u201d.<br \/>\n\u201cEste triste r\u00e9cord de exportaci\u00f3n, que desde CRA venimos anunciando, llevar\u00e1 a que se comercialicen fuera de las fronteras del pa\u00eds menos de 150.000 toneladas, la peor de los \u00faltimos 50 a\u00f1os, con fuertes consecuencias sobre el empleo en la industria frigor\u00edfica\u201d En esa l\u00ednea, FAA indic\u00f3 que es un \u201cpaso m\u00e1s en los muchos desaciertos de la pol\u00edtica agropecuaria kirchnerista\u201d. Con esa medida, confirma \u201cque es incapaz de aprender de sus errores, pues desconoce el rotundo fracaso que tuvo esta medida en 2006\u201d, rese\u00f1\u00f3.<br \/>\nSRA dijo que se trata de un nuevo punto en el \u201calto grado de torpeza\u201d del Gobierno. \u201cDespu\u00e9s de m\u00e1s de 10 a\u00f1os, no aprendi\u00f3 nada y sigue tomando medidas para terminar de destruir a la ganader\u00eda y el empleo que genera esta producci\u00f3n\u201d, enfatiz\u00f3 la entidad que lidera Luis Etchevehere.<br \/>\nDesde la C\u00e1mara de la Industria de la Carne (Ciccra) y de la asociaci\u00f3n de Carnicer\u00edas porte\u00f1as consideraron que el freno exportador profundizar\u00e1 m\u00e1s los problemas de la ganader\u00eda y no impedir\u00e1n que la carne al mostrador siga subiendo.<\/p>\n<p align=\"justify\">Fuente:\u00a0<a title=\"El Cronista Comercial\" href=\"http:\/\/www.elcronista.com\/\">El Cronista Comercial<\/a><\/p>\n<\/div>\n","protected":false},"excerpt":{"rendered":"<p>Las cuatro gremiales del agro, frigor\u00edficos y carniceros dicen que limitar la venta externa no bajar\u00e1 los precios.<\/p>\n","protected":false},"author":5,"featured_media":0,"comment_status":"open","ping_status":"open","sticky":false,"template":"","format":"standard","meta":[],"categories":[42],"tags":[997,1304,312,291],"_links":{"self":[{"href":"http:\/\/rurallascolonias.com.ar\/index.php?rest_route=\/wp\/v2\/posts\/3773"}],"collection":[{"href":"http:\/\/rurallascolonias.com.ar\/index.php?rest_route=\/wp\/v2\/posts"}],"about":[{"href":"http:\/\/rurallascolonias.com.ar\/index.php?rest_route=\/wp\/v2\/types\/post"}],"author":[{"embeddable":true,"href":"http:\/\/rurallascolonias.com.ar\/index.php?rest_route=\/wp\/v2\/users\/5"}],"replies":[{"embeddable":true,"href":"http:\/\/rurallascolonias.com.ar\/index.php?rest_route=%2Fwp%2Fv2%2Fcomments&post=3773"}],"version-history":[{"count":1,"href":"http:\/\/rurallascolonias.com.ar\/index.php?rest_route=\/wp\/v2\/posts\/3773\/revisions"}],"predecessor-version":[{"id":3775,"href":"http:\/\/rurallascolonias.com.ar\/index.php?rest_route=\/wp\/v2\/posts\/3773\/revisions\/3775"}],"wp:attachment":[{"href":"http:\/\/rurallascolonias.com.ar\/index.php?rest_route=%2Fwp%2Fv2%2Fmedia&parent=3773"}],"wp:term":[{"taxonomy":"category","embeddable":true,"href":"http:\/\/rurallascolonias.com.ar\/index.php?rest_route=%2Fwp%2Fv2%2Fcategories&post=3773"},{"taxonomy":"post_tag","embeddable":true,"href":"http:\/\/rurallascolonias.com.ar\/index.php?rest_route=%2Fwp%2Fv2%2Ftags&post=3773"}],"curies":[{"name":"wp","href":"https:\/\/api.w.org\/{rel}","templated":true}]}}