{"id":3674,"date":"2014-08-14T15:50:14","date_gmt":"2014-08-14T15:50:14","guid":{"rendered":"http:\/\/rurallascolonias.com.ar\/?p=3674"},"modified":"2014-08-14T15:50:14","modified_gmt":"2014-08-14T15:50:14","slug":"la-comision-de-enlace-busca-apoyos-para-una-medida-de-fuerza","status":"publish","type":"post","link":"http:\/\/rurallascolonias.com.ar\/?p=3674","title":{"rendered":"La Comisi\u00f3n de Enlace busca apoyos para una medida de fuerza"},"content":{"rendered":"<p><a href=\"http:\/\/rurallascolonias.com.ar\/wp-content\/uploads\/2014\/08\/comisi\u00f3n-de-enlace.jpg\"><img loading=\"lazy\" class=\"aligncenter size-full wp-image-3675\" src=\"http:\/\/rurallascolonias.com.ar\/wp-content\/uploads\/2014\/08\/comisi\u00f3n-de-enlace.jpg\" alt=\"comisi\u00f3n de enlace\" width=\"312\" height=\"161\" srcset=\"http:\/\/rurallascolonias.com.ar\/wp-content\/uploads\/2014\/08\/comisi\u00f3n-de-enlace.jpg 312w, http:\/\/rurallascolonias.com.ar\/wp-content\/uploads\/2014\/08\/comisi\u00f3n-de-enlace-300x154.jpg 300w\" sizes=\"(max-width: 312px) 100vw, 312px\" \/><\/a>Sus entidades har\u00e1n reuniones con los productores para definir si lleva adelante una protesta.<!--more--><\/p>\n<p>La Comisi\u00f3n de Enlace intensificar\u00e1 el contacto con los productores a trav\u00e9s de reuniones y asambleas para determinar si est\u00e1n dispuestos a realizar una nueva medida de fuerza contra el Gobierno.<\/p>\n<p>As\u00ed lo tienen resuelto en las entidades que integran esa agrupaci\u00f3n, la Sociedad Rural Argentina (SRA), Confederaciones Rurales Argentinas (CRA), Coninagro y Federaci\u00f3n Agraria Argentina (FAA).<\/p>\n<p>Ayer, el presidente de la Rural, Luis Miguel Etchevehere, se\u00f1al\u00f3 que concluidas las asambleas \u00abseguramente va a haber protestas\u00bb. Y subray\u00f3, ante una consulta sobre si el agro podr\u00eda ir hacia un paro contra el Gobierno, que no deb\u00eda descartarse ninguna acci\u00f3n gremial.<\/p>\n<p>Anteanoche, en un encuentro conjunto de los presidentes de la Comisi\u00f3n de Enlace, sus referentes empezaron a conversar sobre la posibilidad de una protesta, pero a\u00fan sin fecha.<\/p>\n<p>En julio pasado, la Federaci\u00f3n Agraria Argentina, que preside Eduardo Buzzi, realiz\u00f3 una ronda de asambleas y en cada encuentro los productores expresaron su descontento por la p\u00e9rdida de rentabilidad. Adem\u00e1s de las retenciones a la exportaci\u00f3n y las restricciones al comercio, comenz\u00f3 a tallar fuerte la ca\u00edda de los precios de los granos.<\/p>\n<p>Tambi\u00e9n Coninagro est\u00e1 en un ciclo de reuniones zonales, mientras que CRA tiene previsto acompa\u00f1ar a sus productores en encuentros regionales. En tanto, anteayer la Rural reuni\u00f3 a su comisi\u00f3n directiva y evalu\u00f3 que la situaci\u00f3n compromete incluso la producci\u00f3n de soja por la baja de los precios, los costos y la presi\u00f3n impositiva.<\/p>\n<p>\u00abVamos a esperar a que esas asambleas terminen; seguro va a haber una protesta\u00bb, expres\u00f3 Etchevehere. El presidente de la Rural opin\u00f3 que el agro requiere un cambio de pol\u00edticas. \u00abNecesitamos un cambio urgente\u00bb, pidi\u00f3 el ruralista.<\/p>\n<p>Carlos Garetto, presidente de Coninagro, particip\u00f3 ayer en una asamblea en Bah\u00eda Blanca, una regi\u00f3n donde, entre otros inconvenientes, por los continuos cierres de las exportaciones de trigo los productores no pueden tener una venta normal de su cosecha de cereal.<\/p>\n<p>\u00abEl malestar est\u00e1 creciendo y en la medida en que se masifique va a ser un mensaje a la dirigencia [de las entidades]\u00bb, opin\u00f3.<\/p>\n<p>MADURACI\u00d3N<\/p>\n<p>El dirigente afirm\u00f3 que una eventual protesta deber\u00e1 ser \u00abun proceso de maduraci\u00f3n en la medida que sigan sum\u00e1ndose otras producciones\u00bb.<\/p>\n<p>Garetto consider\u00f3 que la medida de fuerza que se realice depender\u00e1 de la movilizaci\u00f3n en los distintos lugares.<\/p>\n<p>\u00abEsto va a prosperar si las bases acompa\u00f1an una medida. Aunque hoy no hay consenso, se est\u00e1 generando este movimiento que va a hacer tomar conciencia de la gravedad de la situaci\u00f3n\u00bb, precis\u00f3 el dirigente.<\/p>\n<p>CRA, que preside Rub\u00e9n Ferrero, realiz\u00f3 ayer su reuni\u00f3n mensual de consejo directivo. Si bien en el encuentro no hubo definiciones en torno a una medida de fuerza, el presidente de la entidad indic\u00f3: \u00abVamos a acompa\u00f1ar a los productores regionalmente; vamos a hacer reuniones con temas puntuales por regi\u00f3n\u00bb.<\/p>\n<p>Fuente: La Naci\u00f3n<\/p>\n","protected":false},"excerpt":{"rendered":"<p>Sus entidades har\u00e1n reuniones con los productores para definir si lleva adelante una protesta.<\/p>\n","protected":false},"author":5,"featured_media":0,"comment_status":"open","ping_status":"open","sticky":false,"template":"","format":"standard","meta":[],"categories":[42,33],"tags":[1033,173,1311],"_links":{"self":[{"href":"http:\/\/rurallascolonias.com.ar\/index.php?rest_route=\/wp\/v2\/posts\/3674"}],"collection":[{"href":"http:\/\/rurallascolonias.com.ar\/index.php?rest_route=\/wp\/v2\/posts"}],"about":[{"href":"http:\/\/rurallascolonias.com.ar\/index.php?rest_route=\/wp\/v2\/types\/post"}],"author":[{"embeddable":true,"href":"http:\/\/rurallascolonias.com.ar\/index.php?rest_route=\/wp\/v2\/users\/5"}],"replies":[{"embeddable":true,"href":"http:\/\/rurallascolonias.com.ar\/index.php?rest_route=%2Fwp%2Fv2%2Fcomments&post=3674"}],"version-history":[{"count":1,"href":"http:\/\/rurallascolonias.com.ar\/index.php?rest_route=\/wp\/v2\/posts\/3674\/revisions"}],"predecessor-version":[{"id":3676,"href":"http:\/\/rurallascolonias.com.ar\/index.php?rest_route=\/wp\/v2\/posts\/3674\/revisions\/3676"}],"wp:attachment":[{"href":"http:\/\/rurallascolonias.com.ar\/index.php?rest_route=%2Fwp%2Fv2%2Fmedia&parent=3674"}],"wp:term":[{"taxonomy":"category","embeddable":true,"href":"http:\/\/rurallascolonias.com.ar\/index.php?rest_route=%2Fwp%2Fv2%2Fcategories&post=3674"},{"taxonomy":"post_tag","embeddable":true,"href":"http:\/\/rurallascolonias.com.ar\/index.php?rest_route=%2Fwp%2Fv2%2Ftags&post=3674"}],"curies":[{"name":"wp","href":"https:\/\/api.w.org\/{rel}","templated":true}]}}