{"id":3628,"date":"2014-08-12T15:53:34","date_gmt":"2014-08-12T15:53:34","guid":{"rendered":"http:\/\/rurallascolonias.com.ar\/?p=3628"},"modified":"2014-08-12T15:53:34","modified_gmt":"2014-08-12T15:53:34","slug":"maina-la-lecheria-esta-estancada","status":"publish","type":"post","link":"http:\/\/rurallascolonias.com.ar\/?p=3628","title":{"rendered":"MAINA: \u00abLA LECHER\u00cdA EST\u00c1 ESTANCADA\u00bb"},"content":{"rendered":"<p><span style=\"color: #000000;\"><a href=\"http:\/\/rurallascolonias.com.ar\/wp-content\/uploads\/2014\/08\/MAINA.jpg\"><img loading=\"lazy\" class=\"aligncenter size-full wp-image-3629\" src=\"http:\/\/rurallascolonias.com.ar\/wp-content\/uploads\/2014\/08\/MAINA.jpg\" alt=\"MAINA\" width=\"272\" height=\"185\" \/><\/a>El grueso del discurso del presidente de la Sociedad Rural de Rafaela hizo foco en una completa estad\u00edstica demostrando el momento complejo del sector agropecuario. <\/span><!--more--><\/p>\n<p><span style=\"color: #000000;\">Tambi\u00e9n reclam\u00f3 por la inseguridad. Ayer por la tarde, unos minutos despu\u00e9s de lo previsto, se llev\u00f3 a cabo la inauguraci\u00f3n de la Expo, con la participaci\u00f3n de autoridades, p\u00fablico en general, discursos, musicalizaci\u00f3n, y el desfile de los grandes campeones, en el palco y predio central. Entre las personalidades se encontraban el presidente de la entidad anfitriona, Dar\u00edo Maina, el vicegobernador Jorge Henn, el intendente Luis Castellano, los titulares del Ministerio de la Producci\u00f3n y de Vialidad Provincial, Carlos Fascendini y Juan Jos\u00e9 Bertero, respectivamente. Rub\u00e9n Ferrero, presidente de CRA, Daniel Pellegrina, vicepresidente de la Sociedad Rural Argentina. Tambi\u00e9n el secretario general de la UATRE, Hugo Perino, el senador Alcides Calvo, el diputado nacional Omar Perotti, y otros dirigentes de entidades locales y de la propia SRR. Antes del corte de cintas, se pronunciaron los discursos de los mencionados Dar\u00edo Maina, Carlos Fascendini y Rub\u00e9n Ferrero (ver aparte). Los tres, junto al intendente Castellano y el vicegobernador, fueron los efectivamente convocados al corte de cintas. \u201cEstos 107 a\u00f1os son consecuencia de una larga tradici\u00f3n de hombres y mujeres, unidos por una instituci\u00f3n que luchan por dignificar y desarrollar el trabajo de esta querida tierra que brinda alimento y porvenir al pa\u00eds, ahora, como hace un siglo\u201d, comenz\u00f3 expresando el titular de la Rural. Datos precisos. Maina abund\u00f3 en agradecimientos y detalles de la muestra, aunque lo sustancial de sus dichos fue traducido en ejemplos concretos del cuadro cr\u00edtico que atraviesa el sector. Ilustr\u00f3 el \u201cestancamiento de la lecher\u00eda\u201d. \u201cSe produce cerca de 11 mil millones de litros, casi lo mismo que en 1999, es decir hace 15 a\u00f1os atr\u00e1s. Tenemos 7 mil tambos menos respecto a 1998\u2033, asegur\u00f3. En cuanto a las cosechas, dijo: \u201cactualmente se producen cerca de 10 millones de toneladas de trigo cuando su potencial de producci\u00f3n es de casi el doble, 18 millones de toneladas. Durante la \u00faltima d\u00e9cada se dieron las dos peores siembras de trigo de los \u00faltimos 100 a\u00f1os. \u201cEl n\u00famero de productores ha pasado de 50 mil a menos de 30 mil por la intervenci\u00f3n de los mercados\u201d, denunci\u00f3 Maina.. \u201cLas Exportaciones de carne tambi\u00e9n han ca\u00eddo desde 2005 cuando sal\u00edan 750 mil toneladas a lo que va a ser este 2014 con menos de 150 mil toneladas\u201d. \u201cEl stock ganadero est\u00e1 hoy en el mismo nivel que 1967\u2033, refer\u00eda, entre otros datos concluyentes: \u201chay 14 mil productores ganaderos, 135 frigor\u00edficos y 15 mil empleados del gremio de la carne menos, m\u00e1s 7 a\u00f1os de incumplimiento de la cuota Hilton, nos han hecho caer del tercero al decimotercer puesto en exportaciones de carne\u201d. \u201cLa baja en el precio internacional de la soja, la comercializaci\u00f3n con 35% de retenciones y permanentes aumentos en los costos de producci\u00f3n por la utilizaci\u00f3n de insumos a costos dolarizados, m\u00e1s las excesivas cargas tributarias van absorbiendo las posibilidades reales de rentabilidad\u201d, complet\u00f3. Alarma. Entre otros basamentos para reclamar al poder pol\u00edtico, Maina valor\u00f3: \u201cson estad\u00edsticas alarmantes cuyas consecuencias nefastas en el mediano y largo plazo afectan a todos los argentinos. \u00bfC\u00f3mo no preocuparnos? \u00bfC\u00f3mo no insistir en iniciar di\u00e1logos constructivos?\u201d, interrog\u00f3. Otro punto \u201cfuerte\u201d de las preocupaciones puestas sobre la mesa fue la inseguridad. \u201cEn los \u00e1mbitos rurales, el abigeato fue ampliamente superado por delitos contra la propiedad y las personas\u201d, expuso en voz alta el dirigente. Fascendini. El ministro de la Producci\u00f3n, Carlos Fascendini, hizo un repaso hist\u00f3rico y pol\u00edtico de la incidencia del campo en el proceso de construcci\u00f3n del pa\u00eds. Ratific\u00f3 el compromiso de apoyo del Gobierno provincial y exhort\u00f3 a una concertaci\u00f3n de pol\u00edticas de apertura y unificaci\u00f3n, dirigidas al Estado nacional. Reconocimiento justo. El titular de la SRR, en parte de su alocuci\u00f3n agradeci\u00f3 especialmente a la Municipalidad de Rafaela, \u201cpor todo el apoyo\u201d. Lo cort\u00e9s no quitaba lo valiente y era algo que no se acostumbraba hacer en los \u00faltimos a\u00f1os. El Municipio pone mucho de s, en distintas \u00e1reas para facilitar la concreci\u00f3n de la Expo, todos los a\u00f1os. <\/span><\/p>\n<p><span style=\"color: #000000;\">fuente: diariocastellanos.net\u00a0<\/span><\/p>\n","protected":false},"excerpt":{"rendered":"<p>El grueso del discurso del presidente de la Sociedad Rural de Rafaela hizo foco en una completa estad\u00edstica demostrando el momento complejo del sector agropecuario.<\/p>\n","protected":false},"author":5,"featured_media":0,"comment_status":"open","ping_status":"open","sticky":false,"template":"","format":"standard","meta":[],"categories":[46,33],"tags":[240,1300],"_links":{"self":[{"href":"http:\/\/rurallascolonias.com.ar\/index.php?rest_route=\/wp\/v2\/posts\/3628"}],"collection":[{"href":"http:\/\/rurallascolonias.com.ar\/index.php?rest_route=\/wp\/v2\/posts"}],"about":[{"href":"http:\/\/rurallascolonias.com.ar\/index.php?rest_route=\/wp\/v2\/types\/post"}],"author":[{"embeddable":true,"href":"http:\/\/rurallascolonias.com.ar\/index.php?rest_route=\/wp\/v2\/users\/5"}],"replies":[{"embeddable":true,"href":"http:\/\/rurallascolonias.com.ar\/index.php?rest_route=%2Fwp%2Fv2%2Fcomments&post=3628"}],"version-history":[{"count":1,"href":"http:\/\/rurallascolonias.com.ar\/index.php?rest_route=\/wp\/v2\/posts\/3628\/revisions"}],"predecessor-version":[{"id":3630,"href":"http:\/\/rurallascolonias.com.ar\/index.php?rest_route=\/wp\/v2\/posts\/3628\/revisions\/3630"}],"wp:attachment":[{"href":"http:\/\/rurallascolonias.com.ar\/index.php?rest_route=%2Fwp%2Fv2%2Fmedia&parent=3628"}],"wp:term":[{"taxonomy":"category","embeddable":true,"href":"http:\/\/rurallascolonias.com.ar\/index.php?rest_route=%2Fwp%2Fv2%2Fcategories&post=3628"},{"taxonomy":"post_tag","embeddable":true,"href":"http:\/\/rurallascolonias.com.ar\/index.php?rest_route=%2Fwp%2Fv2%2Ftags&post=3628"}],"curies":[{"name":"wp","href":"https:\/\/api.w.org\/{rel}","templated":true}]}}