{"id":3602,"date":"2014-08-11T16:50:21","date_gmt":"2014-08-11T16:50:21","guid":{"rendered":"http:\/\/rurallascolonias.com.ar\/?p=3602"},"modified":"2014-08-11T16:50:21","modified_gmt":"2014-08-11T16:50:21","slug":"conmocion-por-la-muerte-del-custodio-de-casamiquela","status":"publish","type":"post","link":"http:\/\/rurallascolonias.com.ar\/?p=3602","title":{"rendered":"Conmoci\u00f3n por la muerte del custodio de Casamiquela"},"content":{"rendered":"<p><span style=\"color: #656565;\"><a href=\"http:\/\/rurallascolonias.com.ar\/wp-content\/uploads\/2014\/01\/casamiquela.jpg\"><img loading=\"lazy\" class=\"alignleft wp-image-768 size-medium\" src=\"http:\/\/rurallascolonias.com.ar\/wp-content\/uploads\/2014\/01\/casamiquela-300x212.jpg\" alt=\"casamiquela\" width=\"300\" height=\"212\" srcset=\"http:\/\/rurallascolonias.com.ar\/wp-content\/uploads\/2014\/01\/casamiquela-300x212.jpg 300w, http:\/\/rurallascolonias.com.ar\/wp-content\/uploads\/2014\/01\/casamiquela-600x425.jpg 600w, http:\/\/rurallascolonias.com.ar\/wp-content\/uploads\/2014\/01\/casamiquela-624x442.jpg 624w, http:\/\/rurallascolonias.com.ar\/wp-content\/uploads\/2014\/01\/casamiquela.jpg 651w\" sizes=\"(max-width: 300px) 100vw, 300px\" \/><\/a>La v\u00edctima, un sargento primero, guardaba su auto en la casa del otro integrante de la fuerza, pero el cabo primero le dispar\u00f3 al pensar que se trataba de un delincuente. Ambos se desempe\u00f1aban como personal de la custodia del ministro de Agricultura de la Naci\u00f3n.<\/span><\/p>\n<p>Fuente: Infocampo<\/p>\n","protected":false},"excerpt":{"rendered":"<p>La v\u00edctima, un sargento primero, guardaba su auto en la casa del otro integrante de la fuerza, pero el cabo primero le dispar\u00f3 al pensar que se trataba de un delincuente. Ambos se desempe\u00f1aban como personal de la custodia del ministro de Agricultura de la Naci\u00f3n. Fuente: Infocampo<\/p>\n","protected":false},"author":5,"featured_media":0,"comment_status":"open","ping_status":"open","sticky":false,"template":"","format":"standard","meta":[],"categories":[14],"tags":[1296,1297,345],"_links":{"self":[{"href":"http:\/\/rurallascolonias.com.ar\/index.php?rest_route=\/wp\/v2\/posts\/3602"}],"collection":[{"href":"http:\/\/rurallascolonias.com.ar\/index.php?rest_route=\/wp\/v2\/posts"}],"about":[{"href":"http:\/\/rurallascolonias.com.ar\/index.php?rest_route=\/wp\/v2\/types\/post"}],"author":[{"embeddable":true,"href":"http:\/\/rurallascolonias.com.ar\/index.php?rest_route=\/wp\/v2\/users\/5"}],"replies":[{"embeddable":true,"href":"http:\/\/rurallascolonias.com.ar\/index.php?rest_route=%2Fwp%2Fv2%2Fcomments&post=3602"}],"version-history":[{"count":1,"href":"http:\/\/rurallascolonias.com.ar\/index.php?rest_route=\/wp\/v2\/posts\/3602\/revisions"}],"predecessor-version":[{"id":3615,"href":"http:\/\/rurallascolonias.com.ar\/index.php?rest_route=\/wp\/v2\/posts\/3602\/revisions\/3615"}],"wp:attachment":[{"href":"http:\/\/rurallascolonias.com.ar\/index.php?rest_route=%2Fwp%2Fv2%2Fmedia&parent=3602"}],"wp:term":[{"taxonomy":"category","embeddable":true,"href":"http:\/\/rurallascolonias.com.ar\/index.php?rest_route=%2Fwp%2Fv2%2Fcategories&post=3602"},{"taxonomy":"post_tag","embeddable":true,"href":"http:\/\/rurallascolonias.com.ar\/index.php?rest_route=%2Fwp%2Fv2%2Ftags&post=3602"}],"curies":[{"name":"wp","href":"https:\/\/api.w.org\/{rel}","templated":true}]}}