{"id":3588,"date":"2014-08-08T11:55:05","date_gmt":"2014-08-08T11:55:05","guid":{"rendered":"http:\/\/rurallascolonias.com.ar\/?p=3588"},"modified":"2014-08-08T11:55:05","modified_gmt":"2014-08-08T11:55:05","slug":"dominguez-reconocio-que-la-politica-del-trigo-fue-y-es-equivocada","status":"publish","type":"post","link":"http:\/\/rurallascolonias.com.ar\/?p=3588","title":{"rendered":"Dom\u00ednguez reconoci\u00f3 que la pol\u00edtica del trigo fue y es equivocada"},"content":{"rendered":"<h2><a href=\"http:\/\/rurallascolonias.com.ar\/wp-content\/uploads\/2014\/08\/dominguez.jpg\"><img loading=\"lazy\" class=\"aligncenter wp-image-3589 size-medium\" src=\"http:\/\/rurallascolonias.com.ar\/wp-content\/uploads\/2014\/08\/dominguez-300x199.jpg\" alt=\"dominguez\" width=\"300\" height=\"199\" srcset=\"http:\/\/rurallascolonias.com.ar\/wp-content\/uploads\/2014\/08\/dominguez-300x199.jpg 300w, http:\/\/rurallascolonias.com.ar\/wp-content\/uploads\/2014\/08\/dominguez-600x399.jpg 600w, http:\/\/rurallascolonias.com.ar\/wp-content\/uploads\/2014\/08\/dominguez.jpg 608w\" sizes=\"(max-width: 300px) 100vw, 300px\" \/><\/a>El presidente de la C\u00e1mara de Diputados admiti\u00f3 p\u00fablicamente en el congreso de AAPRESID que es necesario ser m\u00e1s flexibles en la pol\u00edtica de comercializaci\u00f3n y que es necesario liberar sin temor el mercado del cereal.<\/h2>\n<p><!--more--><\/p>\n<p>En una audiencia p\u00fablica especial de la Comisi\u00f3n de Agricultura de Diputados, en el marco de AAPRESID en la ciudad de Rosario, Juli\u00e1n Dom\u00ednguez, ex ministro de Agricultura de la Naci\u00f3n y actual presidente de la C\u00e1mara Baja, reconoci\u00f3 p\u00fablicamente y luego se lo ratific\u00f3 a Nuestro Agro, que \u201cno hemos tenido en materia de trigo una pol\u00edtica acertada; se necesitan incentivos para que el productor vuelva a sembrar trigo\u201d. Este peque\u00f1o gesto del legislador no es menor si se considera que los funcionarios del oficialismo no suelen reconocer errores, mucho menos aquellos relacionados con la producci\u00f3n agropecuaria.<\/p>\n<p>Dom\u00ednguez lo dijo en un estrado compuesto por su colega Luis Basterra, presidente de la Comisi\u00f3n de Agricultura en Diputados y la presidenta de AAPRESID, Mar\u00eda Beatriz Giraudo, quien aprovech\u00f3 la ocasi\u00f3n para solicitar formalmente un cambio en las reglas de juego que permitan salir de esta dif\u00edcil coyuntura, que especialmente afecta a los productores agropecuarios.<\/p>\n<p>Juli\u00e1n Dom\u00ednguez tambi\u00e9n reconoci\u00f3 que en ma\u00edz, al igual que en trigo, \u201cno hay que tenerle miedo a l libertad plena de mercado\u201d. No fue lo suficientemente espec\u00edfico en cuanto a la eliminaci\u00f3n de los ROE y los cupos de exportaci\u00f3n, aunque s\u00ed afirm\u00f3 que lo que hay que asegurar es el mercado interno y luego de ese volumen es perfectamente posible liberar el mercado. Una posici\u00f3n quiz\u00e1s un poco ambigua pero altamente valorada por quienes durante a\u00f1os debieron soportar la tozudez de un Gobierno que se empecin\u00f3 en no reconocer sus errores.<\/p>\n<p>En el marco de AAPRESID, este a\u00f1o m\u00e1s preocupado por cuestiones pol\u00edticas que de costumbre, se est\u00e1n discutiendo importantes tem\u00e1ticas relacionadas con los suelos, los fitosanitarios, las nuevas tecnolog\u00edas y los nuevos materiales gen\u00e9ticos, pol\u00edticas y proyectos de desarrollo, entre otras inquietudes que hoy existen en el mundo agr\u00edcola de vanguardia. Adem\u00e1s, la instituci\u00f3n est\u00e1 celebrando sus primeros 25 a\u00f1os de vida.<\/p>\n<p><strong>Fuente: Nuestro Agro<\/strong><\/p>\n","protected":false},"excerpt":{"rendered":"<p>El presidente de la C\u00e1mara de Diputados admiti\u00f3 p\u00fablicamente en el congreso de AAPRESID que es necesario ser m\u00e1s flexibles en la pol\u00edtica de comercializaci\u00f3n y que es necesario liberar sin temor el mercado del cereal.<\/p>\n","protected":false},"author":5,"featured_media":0,"comment_status":"open","ping_status":"open","sticky":false,"template":"","format":"standard","meta":[],"categories":[1],"tags":[412,1291],"_links":{"self":[{"href":"http:\/\/rurallascolonias.com.ar\/index.php?rest_route=\/wp\/v2\/posts\/3588"}],"collection":[{"href":"http:\/\/rurallascolonias.com.ar\/index.php?rest_route=\/wp\/v2\/posts"}],"about":[{"href":"http:\/\/rurallascolonias.com.ar\/index.php?rest_route=\/wp\/v2\/types\/post"}],"author":[{"embeddable":true,"href":"http:\/\/rurallascolonias.com.ar\/index.php?rest_route=\/wp\/v2\/users\/5"}],"replies":[{"embeddable":true,"href":"http:\/\/rurallascolonias.com.ar\/index.php?rest_route=%2Fwp%2Fv2%2Fcomments&post=3588"}],"version-history":[{"count":1,"href":"http:\/\/rurallascolonias.com.ar\/index.php?rest_route=\/wp\/v2\/posts\/3588\/revisions"}],"predecessor-version":[{"id":3590,"href":"http:\/\/rurallascolonias.com.ar\/index.php?rest_route=\/wp\/v2\/posts\/3588\/revisions\/3590"}],"wp:attachment":[{"href":"http:\/\/rurallascolonias.com.ar\/index.php?rest_route=%2Fwp%2Fv2%2Fmedia&parent=3588"}],"wp:term":[{"taxonomy":"category","embeddable":true,"href":"http:\/\/rurallascolonias.com.ar\/index.php?rest_route=%2Fwp%2Fv2%2Fcategories&post=3588"},{"taxonomy":"post_tag","embeddable":true,"href":"http:\/\/rurallascolonias.com.ar\/index.php?rest_route=%2Fwp%2Fv2%2Ftags&post=3588"}],"curies":[{"name":"wp","href":"https:\/\/api.w.org\/{rel}","templated":true}]}}