{"id":3546,"date":"2014-08-05T15:49:36","date_gmt":"2014-08-05T15:49:36","guid":{"rendered":"http:\/\/rurallascolonias.com.ar\/?p=3546"},"modified":"2014-08-05T15:49:36","modified_gmt":"2014-08-05T15:49:36","slug":"reclaman-la-poca-actividad-de-la-comision-del-agricultura-del-senado","status":"publish","type":"post","link":"http:\/\/rurallascolonias.com.ar\/?p=3546","title":{"rendered":"Reclaman la poca actividad de la Comisi\u00f3n del Agricultura del Senado"},"content":{"rendered":"<div class=\"description\" style=\"color: #333333;\"><a href=\"http:\/\/rurallascolonias.com.ar\/wp-content\/uploads\/2014\/08\/senado.jpg\"><img loading=\"lazy\" class=\"aligncenter size-full wp-image-3547\" src=\"http:\/\/rurallascolonias.com.ar\/wp-content\/uploads\/2014\/08\/senado.jpg\" alt=\"senado\" width=\"279\" height=\"164\" \/><\/a>En lo que va del a\u00f1o esta comisi\u00f3n se reuni\u00f3 en dos oportunidades y dictamin\u00f3 s\u00f3lo un proyecto de comunicaci\u00f3n y cinco de declaraci\u00f3n.<\/div>\n<p><!--more--><\/p>\n<div class=\"authorinfo\" style=\"color: #333333;\"><\/div>\n<div class=\"vsmcontent\" style=\"color: #333333;\">\n<p align=\"justify\">Pese al recambio legislativo de diciembre pasado, la Comisi\u00f3n de Agricultura del Senado de la Naci\u00f3n mantuvo este a\u00f1o su conformaci\u00f3n anterior: Josefina Meabe (Liberal de Corrientes-Corrientes) continu\u00f3 en la presidencia, mientras que los kirchneristas Graciela de la Rosa (FPV-PJ-Formosa) y Juan Manuel Irraz\u00e1bal (FPV-PJ-Misiones) en las vicepresidencias primera y segunda, respectivamente. En lo que va del a\u00f1o esta comisi\u00f3n se reuni\u00f3 en dos oportunidades y dictamin\u00f3 s\u00f3lo un proyecto de comunicaci\u00f3n y cinco de declaraci\u00f3n.<\/p>\n<p>Si bien en la reuni\u00f3n constitutiva en la que se ratificaron las autoridades de la comisi\u00f3n, los senadores acordaron, a pedido de la vicepresidenta de la Comisi\u00f3n, tratar ante todo los proyectos con media sanci\u00f3n de la C\u00e1mara de Diputados, lo cierto es que esto no se hizo hasta el momento de modo que quedaron pendientes para la segunda mitad del a\u00f1o.<\/p>\n<p>El primero de los temas en carpeta es un proyecto de ley que propone fomentar la producci\u00f3n bubalina. La iniciativa, que ya ten\u00eda media sanci\u00f3n del Senado pero que los Diputados devolvieron con modificaciones, crea un programa que tiene como objetivo el desarrollo de b\u00fafalos de agua, que ser\u00e1 aplicado en todas las zonas agroecol\u00f3gicas aptas.<\/p>\n<p>El texto aprobado por el Senado contemplaba una partida de 5 millones de pesos destinados a este programa, cifra que fue ampliada a 10 millones por los diputados. Debido a esta reforma, la iniciativa volvi\u00f3 al Senado y espera su aprobaci\u00f3n.<\/p>\n<p>A su vez, tiene media sanci\u00f3n y espera dictamen de esta comisi\u00f3n de Agricultura un proyecto que crea un Fondo para la Promoci\u00f3n de la Ganader\u00eda Bovina en Zonas. Se propone impulsar la producci\u00f3n pecuaria bovina en todas aquellas zonas que se encuentren por debajo de la isohieta de los 450mm.<\/p>\n<p>El Fondo se constituir\u00e1 como una partida adicional a los recursos destinados al Plan Federal del Bicentenario de Ganados y Carnes, con un monto anual de 100 millones de pesos. Este proyecto cuenta con el aval del Ministerio de Agricultura de la Naci\u00f3n, por lo que espera que su tr\u00e1mite al recinto sea sencillo.<\/p>\n<p>En tanto, los senadores de esta comisi\u00f3n aprobaron un proyecto de comunicaci\u00f3n solicitando las medidas para promover el cultivo y producci\u00f3n en origen de salvia hisp\u00e1nica, conocida como Chia en el noroeste argentino y otras cuestiones conexas.<\/p>\n<p>Tambi\u00e9n, avalaron cuatro proyectos de declaraci\u00f3n apoyando la organizaci\u00f3n de determinados eventos relacionados al agro.<\/p>\n<p>Por otra parte, en la sesi\u00f3n del 30 de abril, el pleno del Senado convirti\u00f3 en ley la ampliaci\u00f3n del Fondo Algodonero y su extensi\u00f3n por un t\u00e9rmino de 10 a\u00f1os. La norma se construy\u00f3 en base a cinco proyectos de ley; aunque tomando como base uno de autor\u00eda del titular de la Comisi\u00f3n de Agricultura de Diputados, Luis Basterra (Formosa).<\/p>\n<p>Se trata de una modificaci\u00f3n a los art\u00edculos 7 y 8 de la Ley N\u00ba 26.060 que crea el \u201cFondo de Compensaci\u00f3n de Ingresos para la Producci\u00f3n Algodonera\u201d (FCIPA), sobre la ampliaci\u00f3n del fondo de financiamiento y extensi\u00f3n de la constituci\u00f3n del mismo por un t\u00e9rmino de 10 a\u00f1os, respectivamente.<\/p>\n<p>Se propone un aumento de los recursos previstos para el FCIPA a 160 millones de pesos anuales. Esta cifra surge de la consideraci\u00f3n del incremento tanto en la superficie sembrada como de la tasa de cambio desde la aprobaci\u00f3n de la norma.<\/p>\n<p>As\u00ed, las superficies sembradas se incrementaron un 60,1% considerando el promedio de siembra en el quinquenio previo a la sanci\u00f3n de la ley, de 283.193 ha entre 2000\/01 a 2004\/2005, a 453.476 ha correspondiente al promedio de las 8 campa\u00f1as posteriores a la sanci\u00f3n de 2005 (campa\u00f1as 2005\/06 a 2012\/13).<\/p>\n<p align=\"justify\">Fuente: Infocampo<\/p>\n<\/div>\n","protected":false},"excerpt":{"rendered":"<p>En lo que va del a\u00f1o esta comisi\u00f3n se reuni\u00f3 en dos oportunidades y dictamin\u00f3 s\u00f3lo un proyecto de comunicaci\u00f3n y cinco de declaraci\u00f3n.<\/p>\n","protected":false},"author":5,"featured_media":0,"comment_status":"open","ping_status":"open","sticky":false,"template":"","format":"standard","meta":[],"categories":[33],"tags":[1282,1281,150],"_links":{"self":[{"href":"http:\/\/rurallascolonias.com.ar\/index.php?rest_route=\/wp\/v2\/posts\/3546"}],"collection":[{"href":"http:\/\/rurallascolonias.com.ar\/index.php?rest_route=\/wp\/v2\/posts"}],"about":[{"href":"http:\/\/rurallascolonias.com.ar\/index.php?rest_route=\/wp\/v2\/types\/post"}],"author":[{"embeddable":true,"href":"http:\/\/rurallascolonias.com.ar\/index.php?rest_route=\/wp\/v2\/users\/5"}],"replies":[{"embeddable":true,"href":"http:\/\/rurallascolonias.com.ar\/index.php?rest_route=%2Fwp%2Fv2%2Fcomments&post=3546"}],"version-history":[{"count":1,"href":"http:\/\/rurallascolonias.com.ar\/index.php?rest_route=\/wp\/v2\/posts\/3546\/revisions"}],"predecessor-version":[{"id":3548,"href":"http:\/\/rurallascolonias.com.ar\/index.php?rest_route=\/wp\/v2\/posts\/3546\/revisions\/3548"}],"wp:attachment":[{"href":"http:\/\/rurallascolonias.com.ar\/index.php?rest_route=%2Fwp%2Fv2%2Fmedia&parent=3546"}],"wp:term":[{"taxonomy":"category","embeddable":true,"href":"http:\/\/rurallascolonias.com.ar\/index.php?rest_route=%2Fwp%2Fv2%2Fcategories&post=3546"},{"taxonomy":"post_tag","embeddable":true,"href":"http:\/\/rurallascolonias.com.ar\/index.php?rest_route=%2Fwp%2Fv2%2Ftags&post=3546"}],"curies":[{"name":"wp","href":"https:\/\/api.w.org\/{rel}","templated":true}]}}