{"id":3543,"date":"2014-08-05T15:44:57","date_gmt":"2014-08-05T15:44:57","guid":{"rendered":"http:\/\/rurallascolonias.com.ar\/?p=3543"},"modified":"2014-08-05T15:44:57","modified_gmt":"2014-08-05T15:44:57","slug":"marfrig-cierra-su-frigorifico-en-unquillo-y-350-empleados-se-quedan-sin-trabajo","status":"publish","type":"post","link":"http:\/\/rurallascolonias.com.ar\/?p=3543","title":{"rendered":"Marfrig cierra su frigor\u00edfico en Unquillo y 350 empleados se quedan sin trabajo"},"content":{"rendered":"<h2><a href=\"http:\/\/rurallascolonias.com.ar\/wp-content\/uploads\/2014\/08\/estancia-del-sur.jpg\"><img loading=\"lazy\" class=\"aligncenter size-full wp-image-3544\" src=\"http:\/\/rurallascolonias.com.ar\/wp-content\/uploads\/2014\/08\/estancia-del-sur.jpg\" alt=\"estancia del sur\" width=\"240\" height=\"149\" \/><\/a>La firma brasile\u00f1a es una de las mayores procesadoras c\u00e1rnicas del mundo. Propone abonar el 75% del monto indemnizatorio, pero los empleados reclaman el 100%.<\/h2>\n<p><!--more--><\/p>\n<p>La firma de capitales brasile\u00f1os Marfrig, una de las mayores procesadoras c\u00e1rnicas del mundo, decidi\u00f3 finalmente cerrar su frigor\u00edfico cordob\u00e9s, Estancias del Sur, ubicado en Unquillo.<br \/>\nLos representantes en el pa\u00eds del grupo extranjero, que hab\u00eda comprado la planta de faena en 2007, comunicaron la decisi\u00f3n a las autoridades de los ministerios de Industria y Trabajo de la Provincia y del sindicato de la carne.<br \/>\nAyer se notificaron los despidos tras el cierre del establecimiento, seg\u00fan inform\u00f3 el diario La Voz del Interior. El delegado gremial, Eduardo Lags, dijo a ese medio que los trabajadores continuar\u00e1n notific\u00e1ndose de las cesant\u00edas durante el d\u00eda de hoy. Agreg\u00f3 que la empresa propuso pagar el 75% de la indemnizaci\u00f3n hasta el 15 de agosto y el fondo de desempleo, mientras que los empleados reclaman el 100% de monto indemnizatorio. Los trabajadores despedidos empezar\u00e1n a decidir hoy los pasos que seguir\u00e1n.<br \/>\nEn tanto, el gobernador Jos\u00e9 Manuel de la Sota hab\u00eda instruido ayer a los ministros de Industria, Comercio, Miner\u00eda y Desarrollo Cient\u00edfico Tecnol\u00f3gico, Mart\u00edn Llaryora, y de Trabajo, Adri\u00e1n Brito, para que citen a una reuni\u00f3n a los propietarios de Estancias del Sur, inform\u00f3 La Voz.<br \/>\nLas restricciones que pesan sobre las exportaciones de carne desde la Argentina, la falta de previsibilidad en el negocio y la ausencia de alternativas viables para la reapertura del frigor\u00edfico que permanec\u00eda cerrado desde el 11 de febrero pasado llevaron a sus propietarios a indemnizar a los 350 trabajadores que a\u00fan se desempe\u00f1aban en el frigor\u00edfico. No hay a\u00fan precisiones sobre el futuro de las instalaciones, cuya sala de faena estaba habilitada para exportar a la Uni\u00f3n Europea e Israel, entre otros mercados.<br \/>\nUna de las alternativas que se barajaba para esta planta era la venta, y sonaba entonces para hacerse cargo el nombre de Juan Carlos Grimaldi, un hist\u00f3rico del sector, due\u00f1o de los frigor\u00edficos Logros y Vare.<br \/>\nLas exportaciones representaron en 2013 apenas el 7% de la producci\u00f3n de carne nacional. Costos que tornaron a la actividad poco competitiva puertas afuera se suman a un esquema de retenciones del 15% y a controles a las empresas vendedoras con la contraparte de dejar carne barata en el mercado local para ayudar a motivar esta y otras salidas de grandes grupos internacionales del sector.<br \/>\nMarfrig comenz\u00f3 a operar en la Argentina en 2006, cuando compr\u00f3 una planta en Hughes, Santa Fe. As\u00ed inici\u00f3 una expansi\u00f3n que la llev\u00f3 a quedarse con la marca Paty, ahora en manos de BRF, y operar ocho plantas, de las cuales hoy mantiene operativa una, en Villa Mercedes, San Luis y la de Hughes, que tambi\u00e9n hab\u00eda suspendido a sus 600 trabajadores en febrero pasado. En el caso del frigor\u00edfico santafesino, las gestiones realizadas por el gobierno provincial y el apoyo de legisladores de diferentes partidos pol\u00edticos lograron su reapertura.<\/p>\n<p><strong>Fuente: El Cronista<\/strong><\/p>\n","protected":false},"excerpt":{"rendered":"<p>La firma brasile\u00f1a es una de las mayores procesadoras c\u00e1rnicas del mundo. Propone abonar el 75% del monto indemnizatorio, pero los empleados reclaman el 100%.<\/p>\n","protected":false},"author":5,"featured_media":0,"comment_status":"open","ping_status":"open","sticky":false,"template":"","format":"standard","meta":[],"categories":[42],"tags":[569,1280,530,529],"_links":{"self":[{"href":"http:\/\/rurallascolonias.com.ar\/index.php?rest_route=\/wp\/v2\/posts\/3543"}],"collection":[{"href":"http:\/\/rurallascolonias.com.ar\/index.php?rest_route=\/wp\/v2\/posts"}],"about":[{"href":"http:\/\/rurallascolonias.com.ar\/index.php?rest_route=\/wp\/v2\/types\/post"}],"author":[{"embeddable":true,"href":"http:\/\/rurallascolonias.com.ar\/index.php?rest_route=\/wp\/v2\/users\/5"}],"replies":[{"embeddable":true,"href":"http:\/\/rurallascolonias.com.ar\/index.php?rest_route=%2Fwp%2Fv2%2Fcomments&post=3543"}],"version-history":[{"count":1,"href":"http:\/\/rurallascolonias.com.ar\/index.php?rest_route=\/wp\/v2\/posts\/3543\/revisions"}],"predecessor-version":[{"id":3545,"href":"http:\/\/rurallascolonias.com.ar\/index.php?rest_route=\/wp\/v2\/posts\/3543\/revisions\/3545"}],"wp:attachment":[{"href":"http:\/\/rurallascolonias.com.ar\/index.php?rest_route=%2Fwp%2Fv2%2Fmedia&parent=3543"}],"wp:term":[{"taxonomy":"category","embeddable":true,"href":"http:\/\/rurallascolonias.com.ar\/index.php?rest_route=%2Fwp%2Fv2%2Fcategories&post=3543"},{"taxonomy":"post_tag","embeddable":true,"href":"http:\/\/rurallascolonias.com.ar\/index.php?rest_route=%2Fwp%2Fv2%2Ftags&post=3543"}],"curies":[{"name":"wp","href":"https:\/\/api.w.org\/{rel}","templated":true}]}}