{"id":348,"date":"2013-12-06T10:42:44","date_gmt":"2013-12-06T10:42:44","guid":{"rendered":"http:\/\/rurallascolonias.com.ar\/?p=348"},"modified":"2013-12-06T10:43:24","modified_gmt":"2013-12-06T10:43:24","slug":"casamiquela-recibio-a-fascendini","status":"publish","type":"post","link":"http:\/\/rurallascolonias.com.ar\/?p=348","title":{"rendered":"CASAMIQUELA RECIBI\u00d3 A FASCENDINI"},"content":{"rendered":"<p><strong><em>DI\u00c1LOGO BILATERAL<\/em><\/strong><\/p>\n<p id=\"copete\" style=\"text-align: center;\"><a href=\"http:\/\/rurallascolonias.com.ar\/wp-content\/uploads\/2013\/12\/casamiquela-y-fascendini.jpg\"><img loading=\"lazy\" class=\"aligncenter  wp-image-349\" alt=\"casamiquela y fascendini\" src=\"http:\/\/rurallascolonias.com.ar\/wp-content\/uploads\/2013\/12\/casamiquela-y-fascendini.jpg\" width=\"214\" height=\"142\" srcset=\"http:\/\/rurallascolonias.com.ar\/wp-content\/uploads\/2013\/12\/casamiquela-y-fascendini.jpg 510w, http:\/\/rurallascolonias.com.ar\/wp-content\/uploads\/2013\/12\/casamiquela-y-fascendini-300x199.jpg 300w\" sizes=\"(max-width: 214px) 100vw, 214px\" \/><\/a>El ministro de Agricultura de la Naci\u00f3n habl\u00f3 con el santafesino de establecer l\u00edneas de trabajo conjunto en materia de valor agregado, ganader\u00eda, agricultura familiar e infraestructura. Fascendini dijo que Casamiquela es un hombre abierto al di\u00e1logo<!--more--><\/p>\n<div>\n<div><\/div>\n<div id=\"desarrollo\">El ministro de Agricultura, Carlos Casamiquela, recibi\u00f3 a su par de Producci\u00f3n de la provincia de Santa Fe, Carlos Fascendini, con el objetivo de establecer l\u00edneas de trabajo conjunto en materia de valor agregado, ganader\u00eda, agricultura familiar e infraestructura.<\/div>\n<\/div>\n<p>\u201cEste encuentro se enmarca en el proceso de di\u00e1logo que hemos abierto con todos los actores involucrados en los procesos de desarrollo territorial\u201d, expres\u00f3 Casamiquela, quien se\u00f1al\u00f3 al ministro santafesino que su gesti\u00f3n \u201ctrabajar\u00e1 fuertemente con las cadenas productivas, en el contexto del relanzamiento del Plan Estrat\u00e9gico Agroalimentario, y con el conjunto de los actores pol\u00edticos del Estado\u201d.<\/p>\n<p>Durante el encuentro, el titular de la cartera agropecuaria nacional afirm\u00f3 que el objetivo es \u201cprofundizar los instrumentos que tengamos a nuestro alcance para fortalecer el dise\u00f1o de pol\u00edticas p\u00fablicas con una mirada federal\u201d.<\/p>\n<p>Fascendini, quien estuvo acompa\u00f1ado por el secretario de Agricultura provincial, Luis Contigiani, al t\u00e9rmino de la reuni\u00f3n dijo que \u201cCasamiquela es un hombre abierto al di\u00e1logo y este encuentro marca el inicio de una nueva relaci\u00f3n, que nos va a permitir realizar un trabajo en conjunto a futuro, para beneficio de los productores y de la producci\u00f3n de agroalimentos\u201d.<\/p>\n<p>En este sentido, los funcionarios santafesinos destacaron el armado de una agenda de trabajo sobre distintos temas vinculados a la realidad productiva y econ\u00f3mica de la provincia, como la situaci\u00f3n de la cuenca ca\u00f1era, la ganader\u00eda, la agricultura familiar, los biocombustibles y las obras de riego.<\/p>\n<div><\/div>\n<div>Autor: lt10digital.com.ar\u00a0|\u00a0 Fuente: prensa.argentina.ar<\/div>\n","protected":false},"excerpt":{"rendered":"<p>DI\u00c1LOGO BILATERAL El ministro de Agricultura de la Naci\u00f3n habl\u00f3 con el santafesino de establecer l\u00edneas de trabajo conjunto en materia de valor agregado, ganader\u00eda, agricultura familiar e infraestructura. Fascendini dijo que Casamiquela es un hombre abierto al di\u00e1logo<\/p>\n","protected":false},"author":5,"featured_media":0,"comment_status":"closed","ping_status":"closed","sticky":false,"template":"","format":"standard","meta":[],"categories":[42],"tags":[22,94,43],"_links":{"self":[{"href":"http:\/\/rurallascolonias.com.ar\/index.php?rest_route=\/wp\/v2\/posts\/348"}],"collection":[{"href":"http:\/\/rurallascolonias.com.ar\/index.php?rest_route=\/wp\/v2\/posts"}],"about":[{"href":"http:\/\/rurallascolonias.com.ar\/index.php?rest_route=\/wp\/v2\/types\/post"}],"author":[{"embeddable":true,"href":"http:\/\/rurallascolonias.com.ar\/index.php?rest_route=\/wp\/v2\/users\/5"}],"replies":[{"embeddable":true,"href":"http:\/\/rurallascolonias.com.ar\/index.php?rest_route=%2Fwp%2Fv2%2Fcomments&post=348"}],"version-history":[{"count":2,"href":"http:\/\/rurallascolonias.com.ar\/index.php?rest_route=\/wp\/v2\/posts\/348\/revisions"}],"predecessor-version":[{"id":351,"href":"http:\/\/rurallascolonias.com.ar\/index.php?rest_route=\/wp\/v2\/posts\/348\/revisions\/351"}],"wp:attachment":[{"href":"http:\/\/rurallascolonias.com.ar\/index.php?rest_route=%2Fwp%2Fv2%2Fmedia&parent=348"}],"wp:term":[{"taxonomy":"category","embeddable":true,"href":"http:\/\/rurallascolonias.com.ar\/index.php?rest_route=%2Fwp%2Fv2%2Fcategories&post=348"},{"taxonomy":"post_tag","embeddable":true,"href":"http:\/\/rurallascolonias.com.ar\/index.php?rest_route=%2Fwp%2Fv2%2Ftags&post=348"}],"curies":[{"name":"wp","href":"https:\/\/api.w.org\/{rel}","templated":true}]}}