{"id":3444,"date":"2014-07-29T11:41:37","date_gmt":"2014-07-29T11:41:37","guid":{"rendered":"http:\/\/rurallascolonias.com.ar\/?p=3444"},"modified":"2014-07-29T11:41:37","modified_gmt":"2014-07-29T11:41:37","slug":"nuevo-round-capitanich-pidio-a-la-rural-que-se-presente-a-elecciones","status":"publish","type":"post","link":"http:\/\/rurallascolonias.com.ar\/?p=3444","title":{"rendered":"Nuevo round: Capitanich pidi\u00f3 a la Rural que se presente a elecciones"},"content":{"rendered":"<p><em><strong><a href=\"http:\/\/rurallascolonias.com.ar\/wp-content\/uploads\/2014\/07\/ETCHEVEHERE.jpg\"><img loading=\"lazy\" class=\"alignleft size-full wp-image-3120\" src=\"http:\/\/rurallascolonias.com.ar\/wp-content\/uploads\/2014\/07\/ETCHEVEHERE.jpg\" alt=\"ETCHEVEHERE\" width=\"337\" height=\"149\" srcset=\"http:\/\/rurallascolonias.com.ar\/wp-content\/uploads\/2014\/07\/ETCHEVEHERE.jpg 337w, http:\/\/rurallascolonias.com.ar\/wp-content\/uploads\/2014\/07\/ETCHEVEHERE-300x132.jpg 300w\" sizes=\"(max-width: 337px) 100vw, 337px\" \/><\/a><span style=\"font-weight: normal; font-style: normal; color: #333333;\">Se sum\u00f3 as\u00ed a las cr\u00edticas al presidente de la entidad por su discurso del s\u00e1bado<\/span><\/strong><\/em><!--more--><\/p>\n<div class=\"vsmcontent\" style=\"color: #333333;\">\n<p style=\"color: #333333;\">El gobierno volvi\u00f3 a fustigar con dureza al presidente de la Sociedad Rural Argentina (SRA), Luis Miguel Etchevehere, por sudiscurso del s\u00e1bado pasado en la inauguraci\u00f3n oficial de la Exposici\u00f3n Rural de Palermo, donde dijo que el oficialismo dejar\u00e1 tras su gesti\u00f3n una \u00abd\u00e9cada depredada\u00bb.<\/p>\n<p style=\"color: #333333;\">Ayer, luego de que el domingo lo cuestionaron los ministros de Agricultura, Carlos Casamiquela, y de Planificaci\u00f3n, Julio De Vido, se sum\u00f3 a la pelea el jefe de Gabinete, Jorge Capitanich, que, entre otras cosas, desafi\u00f3 a la entidad a presentarse a elecciones.<\/p>\n<p style=\"color: #333333;\">\u00abSiempre usan una vez por a\u00f1o esa tribuna porque no son capaces de ir a elecciones\u00bb, dijo el jefe de Gabinete, y a\u00f1adi\u00f3: \u00abOjal\u00e1 que se presenten y tengan coraje, y si tienen coraje y se presentan, veremos el resultado de las elecciones\u00bb.<\/p>\n<p style=\"color: #333333;\">Etchevehere le contest\u00f3 en declaraciones que hizo durante una entrevista radial: \u00abDecir que nos tenemos que presentar a elecciones y ganar para poder opinar, la verdad que es llamativo. Somos una entidad intermedia que representa a productores agropecuarios y no somos un partido pol\u00edtico. Entendemos que es una actitud autoritaria decirnos que solamente pueden hablar los que ganan una elecci\u00f3n\u00bb.<\/p>\n<p style=\"color: #333333;\">Luego, el dirigente del sector agropecuario indic\u00f3: \u00abTodos los a\u00f1os invitamos a las autoridades; estas tribunas han sido lugar de debate. Se critica y se piden cambios; pero con altura, con fundamento; si no vienen las autoridades, es una pena, porque le quita relevancia al debate, y la posibilidad de contestar\u00bb.<\/p>\n<p style=\"color: #333333;\">Por otra parte, Capitanich acus\u00f3 al presidente de la Rural de propiciar \u00abel trabajo esclavo\u00bb. El s\u00e1bado, el presidente de la Rural hizo advertencias respecto de los niveles de pobreza que hay en el pa\u00eds.<\/p>\n<p style=\"color: #333333;\">\u00abSi est\u00e1 tan preocupado por la pobreza y el empleo, por qu\u00e9 no empieza d\u00e1ndoles dignidad a sus trabajadores y no propiciando el trabajo esclavo\u00bb, indic\u00f3 el jefe de Gabinete.<\/p>\n<p style=\"color: #333333;\">Etchevehere tambi\u00e9n dio su respuesta frente a esa acusaci\u00f3n. \u00abEsta mal informado el jefe de Gabinete, no hay ninguna denuncia contra mi persona\u00bb, se\u00f1al\u00f3.<\/p>\n<p style=\"color: #333333;\">Tambi\u00e9n el secretario general de la Presidencia, Oscar Parrilli, se refiri\u00f3 al discurso del s\u00e1bado del presidente de la Rural.<\/p>\n<p style=\"color: #333333;\">\u00abQue ese sector nos critique nos halaga. Nos demuestra que estamos por la buena senda. Es la Rural del siglo pasado, que oblig\u00f3 a los presidentes a rendirles pleites\u00eda a los due\u00f1os de la tierra como si fueran los verdaderos due\u00f1os de la Argentina\u00bb, dijo el funcionario en declaraciones radiales.<\/p>\n<p style=\"color: #333333;\">El presidente de la Rural devolvi\u00f3: \u00abUn gobierno que atrasa 30 a\u00f1os parece que no tiene perspectiva a futuro. Tuvieron once a\u00f1os para hacer algo distinto que funcione. Desde nuestra perspectiva rompieron todo lo que funcionaba\u00bb.<\/p>\n<p style=\"color: #333333;\">M\u00c1S CR\u00cdTICAS<\/p>\n<p style=\"color: #333333;\">Mientras tanto, en un comunicado, la Corriente Agraria Nacional y Popular (Canpo), dijo que Etchevehere tuvo un discurso \u00abagorero\u00bb.<\/p>\n<p style=\"color: #333333;\">Tambi\u00e9n el Registro Nacional de Trabajadores y Empleadores Agrarios (Renatea) fustig\u00f3 al ruralista por decir que las entidades gremiales y los trabajadores del sector pretenden \u00abrecuperar\u00bb el Renatre [hoy Renatea], organismo que el Gobierno coopt\u00f3 para controlar.<\/p>\n<p style=\"color: #333333;\">GOLPE Y CONTRAGOLPE<\/p>\n<p style=\"color: #333333;\">LUIS ETCHEVEHERE<\/p>\n<p style=\"color: #333333;\">\n<p style=\"color: #333333;\">Presidente de la sociedad rural<\/p>\n<p style=\"color: #333333;\">\u00abFue la d\u00e9cada depredada; depredaron los recursos del campo y las reservas\u00bb<\/p>\n<p style=\"color: #333333;\">JORGE CAPITANICH<\/p>\n<p style=\"color: #333333;\">Jefe de Gabinete<\/p>\n<p style=\"color: #333333;\">\u00abUsan una vez por a\u00f1o esa tribuna porque no son capaces de ir a elecciones\u00bb<\/p>\n<p style=\"color: #333333;\">JULIO DE VIDO<\/p>\n<p style=\"color: #333333;\">Ministro de Planificaci\u00f3n<\/p>\n<p style=\"color: #333333;\">\u00abLa verdadera d\u00e9cada depredada fue la neoliberal que la Rural apoy\u00f3\u00bb<\/p>\n<p style=\"color: #333333;\">\n<\/div>\n<div class=\"copyright\" style=\"color: #333333;\">\n<div class=\"author\">La Naci\u00f3n<\/div>\n<\/div>\n<div class=\"sharecontent\" style=\"color: #333333;\">\n<div id=\"fb-root\" class=\" fb_reset\" style=\"color: #000000;\">\n<div><\/div>\n<\/div>\n<\/div>\n","protected":false},"excerpt":{"rendered":"<p>Se sum\u00f3 as\u00ed a las cr\u00edticas al presidente de la entidad por su discurso del s\u00e1bado<\/p>\n","protected":false},"author":5,"featured_media":0,"comment_status":"open","ping_status":"open","sticky":false,"template":"","format":"standard","meta":[],"categories":[42],"tags":[1255,71],"_links":{"self":[{"href":"http:\/\/rurallascolonias.com.ar\/index.php?rest_route=\/wp\/v2\/posts\/3444"}],"collection":[{"href":"http:\/\/rurallascolonias.com.ar\/index.php?rest_route=\/wp\/v2\/posts"}],"about":[{"href":"http:\/\/rurallascolonias.com.ar\/index.php?rest_route=\/wp\/v2\/types\/post"}],"author":[{"embeddable":true,"href":"http:\/\/rurallascolonias.com.ar\/index.php?rest_route=\/wp\/v2\/users\/5"}],"replies":[{"embeddable":true,"href":"http:\/\/rurallascolonias.com.ar\/index.php?rest_route=%2Fwp%2Fv2%2Fcomments&post=3444"}],"version-history":[{"count":1,"href":"http:\/\/rurallascolonias.com.ar\/index.php?rest_route=\/wp\/v2\/posts\/3444\/revisions"}],"predecessor-version":[{"id":3445,"href":"http:\/\/rurallascolonias.com.ar\/index.php?rest_route=\/wp\/v2\/posts\/3444\/revisions\/3445"}],"wp:attachment":[{"href":"http:\/\/rurallascolonias.com.ar\/index.php?rest_route=%2Fwp%2Fv2%2Fmedia&parent=3444"}],"wp:term":[{"taxonomy":"category","embeddable":true,"href":"http:\/\/rurallascolonias.com.ar\/index.php?rest_route=%2Fwp%2Fv2%2Fcategories&post=3444"},{"taxonomy":"post_tag","embeddable":true,"href":"http:\/\/rurallascolonias.com.ar\/index.php?rest_route=%2Fwp%2Fv2%2Ftags&post=3444"}],"curies":[{"name":"wp","href":"https:\/\/api.w.org\/{rel}","templated":true}]}}