{"id":3383,"date":"2014-07-23T18:25:06","date_gmt":"2014-07-23T18:25:06","guid":{"rendered":"http:\/\/rurallascolonias.com.ar\/?p=3383"},"modified":"2014-07-23T18:25:06","modified_gmt":"2014-07-23T18:25:06","slug":"un-nuevo-periodo-humedo-condiciona-la-cosecha-del-maiz-tardio-en-el-centro-norte-santafesino","status":"publish","type":"post","link":"http:\/\/rurallascolonias.com.ar\/?p=3383","title":{"rendered":"Un nuevo per\u00edodo h\u00famedo condiciona la cosecha del ma\u00edz tard\u00edo en el Centro Norte santafesino"},"content":{"rendered":"<h2><a href=\"http:\/\/rurallascolonias.com.ar\/wp-content\/uploads\/2014\/07\/cosecha-de-ma\u00edz-tard\u00edo.jpg\"><img loading=\"lazy\" class=\"aligncenter size-full wp-image-3384\" src=\"http:\/\/rurallascolonias.com.ar\/wp-content\/uploads\/2014\/07\/cosecha-de-ma\u00edz-tard\u00edo.jpg\" alt=\"cosecha de ma\u00edz tard\u00edo\" width=\"275\" height=\"183\" \/><\/a>Un informe de la Bolsa de Comercio de Santa Fe indic\u00f3 que hasta el momento se cosech\u00f3 el 45% del \u00e1rea implantada con ma\u00edz de segunda. \u00bfCu\u00e1l es la situaci\u00f3n del trigo?<\/h2>\n<p><!--more--><\/p>\n<p>La Bolsa de Comercio de Santa Fe inform\u00f3 que el estado fenol\u00f3gico de los cultivares del ma\u00edz de segunda es R6 (madurez fisiol\u00f3gica-secado de granos), con valores de 15 a 24% de humedad de grano, \u201clo que sigue condicionando el proceso de cosecha\u201d. Seg\u00fan revelaron los especialistas, los rendimientos que se han obtenido hasta la fecha, levemente, han disminuido en comparaci\u00f3n a los que se hab\u00edan obtenido, pero siguen siendo de \u00abmuy buenos\u00bb , variando entre 60 qq\/Ha, 85 qq\/Ha y 90 qq\/Ha, y alg\u00fan lote puntual superando los 100 qq\/Ha. El dato es que hasta el momento se cosech\u00f3 \u00a0el 45% del \u00e1rea implantada, es decir unas 20.500 hect\u00e1reas.<\/p>\n<p>Por su parte, el proceso de siembra del trigo avanz\u00f3 muy lentamente seg\u00fan la condici\u00f3n de piso. \u201cSu implantaci\u00f3n cerrar\u00e1 bajo muy buenas condiciones y perspectivas\u201d, inform\u00f3 la entidad. En los cultivares de ciclo corto, la siembra se encuentra algo demorada por la inestabilidad clim\u00e1tica registrada en la semana. En tanto, los trigos de ciclo largo y de ciclo intermedio han germinado bien, con buen est\u00e1ndar de plantas y est\u00e1n en pleno desarrollo y sus estados se califican de \u00abexcelentes\u00bb a \u00abmuy buenos\u00bb.<\/p>\n<p>De acuerdo a la informaci\u00f3n brindada por la entidad, se ha sembrado el 98% del \u00e1rea prevista, unas 181.300 hect\u00e1reas aproximadamente. Cabe recordar que las estimaciones de intenci\u00f3n de siembra del cultivo en esta campa\u00f1a son de 185.000 hect\u00e1reas en el centro-norte de la provincia de Santa Fe.<\/p>\n<p><strong>Fuente: Nuestro Agro<\/strong><\/p>\n","protected":false},"excerpt":{"rendered":"<p>Un informe de la Bolsa de Comercio de Santa Fe indic\u00f3 que hasta el momento se cosech\u00f3 el 45% del \u00e1rea implantada con ma\u00edz de segunda. \u00bfCu\u00e1l es la situaci\u00f3n del trigo?<\/p>\n","protected":false},"author":5,"featured_media":0,"comment_status":"open","ping_status":"open","sticky":false,"template":"","format":"standard","meta":[],"categories":[18],"tags":[1239,1238],"_links":{"self":[{"href":"http:\/\/rurallascolonias.com.ar\/index.php?rest_route=\/wp\/v2\/posts\/3383"}],"collection":[{"href":"http:\/\/rurallascolonias.com.ar\/index.php?rest_route=\/wp\/v2\/posts"}],"about":[{"href":"http:\/\/rurallascolonias.com.ar\/index.php?rest_route=\/wp\/v2\/types\/post"}],"author":[{"embeddable":true,"href":"http:\/\/rurallascolonias.com.ar\/index.php?rest_route=\/wp\/v2\/users\/5"}],"replies":[{"embeddable":true,"href":"http:\/\/rurallascolonias.com.ar\/index.php?rest_route=%2Fwp%2Fv2%2Fcomments&post=3383"}],"version-history":[{"count":1,"href":"http:\/\/rurallascolonias.com.ar\/index.php?rest_route=\/wp\/v2\/posts\/3383\/revisions"}],"predecessor-version":[{"id":3385,"href":"http:\/\/rurallascolonias.com.ar\/index.php?rest_route=\/wp\/v2\/posts\/3383\/revisions\/3385"}],"wp:attachment":[{"href":"http:\/\/rurallascolonias.com.ar\/index.php?rest_route=%2Fwp%2Fv2%2Fmedia&parent=3383"}],"wp:term":[{"taxonomy":"category","embeddable":true,"href":"http:\/\/rurallascolonias.com.ar\/index.php?rest_route=%2Fwp%2Fv2%2Fcategories&post=3383"},{"taxonomy":"post_tag","embeddable":true,"href":"http:\/\/rurallascolonias.com.ar\/index.php?rest_route=%2Fwp%2Fv2%2Ftags&post=3383"}],"curies":[{"name":"wp","href":"https:\/\/api.w.org\/{rel}","templated":true}]}}