{"id":3376,"date":"2014-07-23T16:24:28","date_gmt":"2014-07-23T16:24:28","guid":{"rendered":"http:\/\/rurallascolonias.com.ar\/?p=3376"},"modified":"2014-07-23T16:24:28","modified_gmt":"2014-07-23T16:24:28","slug":"se-vende-cotapa","status":"publish","type":"post","link":"http:\/\/rurallascolonias.com.ar\/?p=3376","title":{"rendered":"SE VENDE COTAPA"},"content":{"rendered":"<p><span style=\"color: #000000;\"><a href=\"http:\/\/rurallascolonias.com.ar\/wp-content\/uploads\/2014\/07\/COTAPA.jpg\"><img loading=\"lazy\" class=\"aligncenter size-full wp-image-3377\" src=\"http:\/\/rurallascolonias.com.ar\/wp-content\/uploads\/2014\/07\/COTAPA.jpg\" alt=\"COTAPA\" width=\"308\" height=\"163\" srcset=\"http:\/\/rurallascolonias.com.ar\/wp-content\/uploads\/2014\/07\/COTAPA.jpg 308w, http:\/\/rurallascolonias.com.ar\/wp-content\/uploads\/2014\/07\/COTAPA-300x158.jpg 300w\" sizes=\"(max-width: 308px) 100vw, 308px\" \/><\/a>Licitaci\u00f3n para vender al sector privado Cotapa y Frigor\u00edfico San Jos\u00e9 <\/span><!--more--><\/p>\n<p><span style=\"color: #000000;\">El Estado provincial llam\u00f3 a licitaci\u00f3n para traspasar al sector privado el 51% de las acciones que posee en Cotapa y del Frigor\u00edfico San Jos\u00e9, del cual ostenta el 85%. Lo hizo a trav\u00e9s del decreto N\u00b0 2.191. Un dato a destacar es el relacionado a la cantidad de planteos que existierron en cuanto al manejo poco transparente respecto de la administraci\u00f3n de ambas empresas durante este tiempo. El decreto del Ministerio de Econom\u00eda de la Provincia, publicado el viernes pasado en el Bolet\u00edn Oficial, dispone un llamado a licitaci\u00f3n para la venta las acciones en poder del Estado en Cotapa y el ex Frigor\u00edfico San Jos\u00e9, actualmente llamado Procesadora Ganadera Entrerriana. \u201cDisp\u00f3nese un llamado a licitaci\u00f3n p\u00fablica que se realizar\u00e1 a trav\u00e9s del Ministerio de Producci\u00f3n, para la transferencia por venta de las acciones de las que es titular el Estado Provincial en las empresas COTAPA SAPEM y Procesadora Ganadera Entrerriana SAPEM\u201d, establece el decreto publicado en el Bolet\u00edn Oficial. Aunque el texto no da fundamentos sobre los motivos de la decisi\u00f3n, se explica que el Ministerio de Producci\u00f3n \u201ccon competencia respecto de la gesti\u00f3n de las referidas empresas, ha merituado conveniente y necesario que se disponga la venta de las acciones de titularidad del Estado Provincial en las mismas\u201d. Al respecto, el titular de la Asociaci\u00f3n de Trabajadores de la Industria Lechera de la Rep\u00fablica Argentina (Atilra), Mario Mildenberger, detall\u00f3 que en Cotapa se desempe\u00f1an 120 trabajadores. Dijo que si bien conoci\u00f3 la informaci\u00f3n por los medios de prensa y a\u00fan \u201cno saben cu\u00e1les ser\u00e1n las condiciones\u201d, desde el gremio \u201cresguardar\u00e1n la continuidad laboral de los trabajadores\u201d. A los empleados de Cotapa se les adeuda el mes de junio y medio aguinaldo. www.diariojunio.com.ar Atilra se mostr\u00f3 optimista respecto a la venta de Cotapa Ante el traspaso al sector privado del 51% de las acciones que el gobierno posee en Cotapa, desde el sindicato que nuclea a lecheros indicaron a Elonce TV que \u201csiempre hay interesados en invertir; no es algo descabellado\u201d. A trav\u00e9s de un decreto, ayer el gobierno provincial llam\u00f3 a licitaci\u00f3n para traspasar al sector privado el 51% de las acciones que posee en Cotapa y del ex Frigor\u00edfico San Jos\u00e9, actualmente llamado Procesadora Ganadera Entrerriano, del cual ostenta el 85%. Al respecto, el titular de la Asociaci\u00f3n de Trabajadores de la Industria Lechera de la Rep\u00fablica Argentina (Atilra), Mario Mildenberger, indic\u00f3 a El Despertador el programa que se emite por Elonce TV: \u201cMe enter\u00e9 a trav\u00e9s de los medios period\u00edsticos y estoy un poco sorprendido porque est\u00e1bamos totalmente ajenos a la situaci\u00f3n teniendo en cuenta que hace tres meses atr\u00e1s, el Ministro de la Producci\u00f3n asegur\u00f3 a los trabajadores que no hab\u00eda venta de Cotapa y que el gobernador se hab\u00eda decidido por la continuidad de la empresa con la mayor\u00eda de las acciones\u201d. Actualmente, en la empresa se desempe\u00f1an alrededor de 120 trabajadores, a los cuales a\u00fan no se les ha abonado el salario correspondiente al mes de junio y el medio aguinaldo, seg\u00fan denunci\u00f3 Atilra ante el Ministerio de trabajo de la provincia. \u201cDesde la parte gremial, vamos a bregar por la continuidad laboral de los trabajadores y para llevarles tranquilidad, como siempre hemos procedido\u201d, asegur\u00f3 Mildenberger. Se le consult\u00f3 al responsable de Atilra sobre las posibilidades reales para que inversores decidan lanzarse a la invertir en Cotapa y en el ex frigor\u00edfico San Jos\u00e9, teniendo en cuenta la dif\u00edcil situaci\u00f3n que atraviesa el sector de la lecher\u00eda, \u00e9ste acot\u00f3: \u201cSiempre hay interesados en invertir, pero hay que ver qu\u00e9 es lo que proponen. La rentabilidad, dada la situaci\u00f3n de la lecher\u00eda a nivel nacional, no es la m\u00e1s \u00f3ptima en este momento pero hay que tener optimismo\u201d. \u201cLa \u00e9poca inflacionaria influye mucho, hay varios factores, pero nunca es descabellado sino no habr\u00eda tantas empresas lecheras\u201d, agreg\u00f3.<\/span><\/p>\n<p>Fuente: lecherialatina<\/p>\n","protected":false},"excerpt":{"rendered":"<p>Licitaci\u00f3n para vender al sector privado Cotapa y Frigor\u00edfico San Jos\u00e9<\/p>\n","protected":false},"author":5,"featured_media":0,"comment_status":"open","ping_status":"open","sticky":false,"template":"","format":"standard","meta":[],"categories":[1],"tags":[1235,1236,852],"_links":{"self":[{"href":"http:\/\/rurallascolonias.com.ar\/index.php?rest_route=\/wp\/v2\/posts\/3376"}],"collection":[{"href":"http:\/\/rurallascolonias.com.ar\/index.php?rest_route=\/wp\/v2\/posts"}],"about":[{"href":"http:\/\/rurallascolonias.com.ar\/index.php?rest_route=\/wp\/v2\/types\/post"}],"author":[{"embeddable":true,"href":"http:\/\/rurallascolonias.com.ar\/index.php?rest_route=\/wp\/v2\/users\/5"}],"replies":[{"embeddable":true,"href":"http:\/\/rurallascolonias.com.ar\/index.php?rest_route=%2Fwp%2Fv2%2Fcomments&post=3376"}],"version-history":[{"count":1,"href":"http:\/\/rurallascolonias.com.ar\/index.php?rest_route=\/wp\/v2\/posts\/3376\/revisions"}],"predecessor-version":[{"id":3378,"href":"http:\/\/rurallascolonias.com.ar\/index.php?rest_route=\/wp\/v2\/posts\/3376\/revisions\/3378"}],"wp:attachment":[{"href":"http:\/\/rurallascolonias.com.ar\/index.php?rest_route=%2Fwp%2Fv2%2Fmedia&parent=3376"}],"wp:term":[{"taxonomy":"category","embeddable":true,"href":"http:\/\/rurallascolonias.com.ar\/index.php?rest_route=%2Fwp%2Fv2%2Fcategories&post=3376"},{"taxonomy":"post_tag","embeddable":true,"href":"http:\/\/rurallascolonias.com.ar\/index.php?rest_route=%2Fwp%2Fv2%2Ftags&post=3376"}],"curies":[{"name":"wp","href":"https:\/\/api.w.org\/{rel}","templated":true}]}}