{"id":3370,"date":"2014-07-23T16:09:30","date_gmt":"2014-07-23T16:09:30","guid":{"rendered":"http:\/\/rurallascolonias.com.ar\/?p=3370"},"modified":"2014-07-23T16:09:30","modified_gmt":"2014-07-23T16:09:30","slug":"anuncian-la-llegada-de-un-frente-polar","status":"publish","type":"post","link":"http:\/\/rurallascolonias.com.ar\/?p=3370","title":{"rendered":"Anuncian la llegada de un frente polar"},"content":{"rendered":"<h2 class=\"texto_15_gris\" style=\"color: #393939;\"><a href=\"http:\/\/rurallascolonias.com.ar\/wp-content\/uploads\/2014\/07\/ola-polar.jpg\"><img loading=\"lazy\" class=\"alignleft size-full wp-image-3371\" src=\"http:\/\/rurallascolonias.com.ar\/wp-content\/uploads\/2014\/07\/ola-polar.jpg\" alt=\"ola polar\" width=\"259\" height=\"194\" \/><\/a>Tras la lluvias, el viento sur y el ingreso de una masa de aire fr\u00edo, comenz\u00f3 a bajar la temperatura, algo que comenzar\u00e1 a sentirse m\u00e1s aun el resto de la semana. Las m\u00ednimas alcanzar\u00e1n los 4 grados.<\/h2>\n<p><!--more--><\/p>\n<p>&nbsp;<\/p>\n<p>Una masa de aire de origen ant\u00e1rtico afectar\u00e1 al centro y sur del territorio nacional, mientras que un segundo frente fr\u00edo ingresar\u00e1 a la Patagonia a partir de este jueves, seg\u00fan inform\u00f3 el Servicio Meteorol\u00f3gico Nacional.<br \/>\nEn un reciente informe especial informa que: \u00abuna masa de aire muy fr\u00edo de origen ant\u00e1rtico ingresara durante el mi\u00e9rcoles 23 hacia el sur y centro de la regi\u00f3n patag\u00f3nica, provocando un marcado descenso de la temperatura, vientos intensos del sudoeste con muy baja sensaci\u00f3n t\u00e9rmica y nevadas de variada intensidad especialmente en el sur de Tierra del Fuego.<br \/>\nUn segundo frente fr\u00edo estar\u00e1 ingresando a la regi\u00f3n patag\u00f3nica durante el jueves 24 reforzando el aire muy fr\u00edo. En la regi\u00f3n central del pa\u00eds se experimentara un gradual descenso de las temperaturas en los pr\u00f3ximos d\u00edas, intensific\u00e1ndose a partir de la noche del viernes 25, cuando se produzca la llegada del segundo frente fr\u00edo.<br \/>\nEl detalle sobre las temperaturas y condiciones meteorol\u00f3gicas en las diferentes localidades puede consultarse en los respectivos pron\u00f3sticos\u00bb.<\/p>\n<div class=\"separador_2\" style=\"color: #393939;\"><\/div>\n<p><span class=\"texto_13_gris\" style=\"color: #393939;\"><em>Fuente:\u00a0<\/em><strong>SM<\/strong><\/span><\/p>\n","protected":false},"excerpt":{"rendered":"<p>Tras la lluvias, el viento sur y el ingreso de una masa de aire fr\u00edo, comenz\u00f3 a bajar la temperatura, algo que comenzar\u00e1 a sentirse m\u00e1s aun el resto de la semana. Las m\u00ednimas alcanzar\u00e1n los 4 grados.<\/p>\n","protected":false},"author":5,"featured_media":0,"comment_status":"open","ping_status":"open","sticky":false,"template":"","format":"standard","meta":[],"categories":[40],"tags":[1233],"_links":{"self":[{"href":"http:\/\/rurallascolonias.com.ar\/index.php?rest_route=\/wp\/v2\/posts\/3370"}],"collection":[{"href":"http:\/\/rurallascolonias.com.ar\/index.php?rest_route=\/wp\/v2\/posts"}],"about":[{"href":"http:\/\/rurallascolonias.com.ar\/index.php?rest_route=\/wp\/v2\/types\/post"}],"author":[{"embeddable":true,"href":"http:\/\/rurallascolonias.com.ar\/index.php?rest_route=\/wp\/v2\/users\/5"}],"replies":[{"embeddable":true,"href":"http:\/\/rurallascolonias.com.ar\/index.php?rest_route=%2Fwp%2Fv2%2Fcomments&post=3370"}],"version-history":[{"count":1,"href":"http:\/\/rurallascolonias.com.ar\/index.php?rest_route=\/wp\/v2\/posts\/3370\/revisions"}],"predecessor-version":[{"id":3372,"href":"http:\/\/rurallascolonias.com.ar\/index.php?rest_route=\/wp\/v2\/posts\/3370\/revisions\/3372"}],"wp:attachment":[{"href":"http:\/\/rurallascolonias.com.ar\/index.php?rest_route=%2Fwp%2Fv2%2Fmedia&parent=3370"}],"wp:term":[{"taxonomy":"category","embeddable":true,"href":"http:\/\/rurallascolonias.com.ar\/index.php?rest_route=%2Fwp%2Fv2%2Fcategories&post=3370"},{"taxonomy":"post_tag","embeddable":true,"href":"http:\/\/rurallascolonias.com.ar\/index.php?rest_route=%2Fwp%2Fv2%2Ftags&post=3370"}],"curies":[{"name":"wp","href":"https:\/\/api.w.org\/{rel}","templated":true}]}}