{"id":3320,"date":"2014-07-18T11:37:46","date_gmt":"2014-07-18T11:37:46","guid":{"rendered":"http:\/\/rurallascolonias.com.ar\/?p=3320"},"modified":"2014-07-18T11:37:46","modified_gmt":"2014-07-18T11:37:46","slug":"la-rural-pidio-al-gobierno-cesar-la-revancha-contra-el-campo","status":"publish","type":"post","link":"http:\/\/rurallascolonias.com.ar\/?p=3320","title":{"rendered":"La Rural pidi\u00f3 al Gobierno cesar la \u00abrevancha\u00bb contra el campo"},"content":{"rendered":"<h3 style=\"font-weight: lighter; color: #666666;\"><a href=\"http:\/\/rurallascolonias.com.ar\/wp-content\/uploads\/2014\/07\/Rural.jpg\"><img loading=\"lazy\" class=\"aligncenter size-full wp-image-3321\" src=\"http:\/\/rurallascolonias.com.ar\/wp-content\/uploads\/2014\/07\/Rural.jpg\" alt=\"Rural\" width=\"275\" height=\"183\" \/><\/a>Su presidente, Luis Miguel Etchevehere, reclam\u00f3 funcionarios \u00abprobos\u00bb para el per\u00edodo constitucional que se abrir\u00e1 en 2015&#8230;<\/h3>\n<p><!--more--><\/p>\n<p>El mismo d\u00eda en que se cumplieron seis a\u00f1os del voto \u00abno positivo\u00bb del ex vicepresidente Julio Cobos, que puso punto final en el Senado al intento oficial de imponer un esquema de retenciones m\u00f3viles para los granos, ayer, en la apertura de la 128\u00b0 Exposici\u00f3n Rural de Palermo, el presidente de la Sociedad Rural Argentina (SRA), Luis Miguel Etchevehere, critic\u00f3 al Gobierno por actuar con \u00abrevancha\u00bb, pidi\u00f3 \u00abaprender de los errores\u00bb para no transformarse en \u00abnecios\u00bb y reclam\u00f3 que \u00abde aqu\u00ed al pr\u00f3ximo per\u00edodo constitucional\u00bb se escuche al campo.<\/p>\n<p>No hubo funcionarios del gobierno nacional en el acto de apertura de esta muestra, que estar\u00e1 abierta hasta el 27 del actual.<\/p>\n<p>Poco antes de las 9, Etchevehere hizo el tradicional corte de cintas de la exposici\u00f3n acompa\u00f1ado por el jefe de gobierno de la ciudad de Buenos Aires, Mauricio Macri, con quien tambi\u00e9n llev\u00f3 adelante una recorrida por la muestra. El referente de Pro cop\u00f3 el predio con su jefe de Gabinete, Horacio Rodr\u00edguez Larreta; la vicejefa de Gobierno, Mar\u00eda Eugenia Vidal; el vicepresidente primero de la Legislatura, Cristian Ritondo, adem\u00e1s del senador nacional, Alfredo De Angeli, que buscar\u00e1 pelear por la gobernaci\u00f3n de Entre R\u00edos en 2015 y el diputado nacional por Santa Fe, Miguel del Sel.<\/p>\n<p>En representaci\u00f3n por el gobernador de C\u00f3rdoba, Jos\u00e9 Manuel de la Sota, asisti\u00f3 su ministro de Comunicaci\u00f3n, Jorge Lawson.<\/p>\n<p>De los otros presidentes de la Comisi\u00f3n de Enlace, junto a Etchevehere s\u00f3lo estuvo Rub\u00e9n Ferrero, de Confederaciones Rurales Argentinas (CRA), mientras que Coninagro envi\u00f3 a su consejero Egidio Mailland.<\/p>\n<p>Salvo de Pro, no se observaron dirigentes de otras fuerzas partidarias. \u00abComo no es un a\u00f1o de elecciones, fijate que no hay diputados de otros partidos\u00bb, subray\u00f3 un asistente.<\/p>\n<p><b>Cr\u00edticas y pedidos<\/b><\/p>\n<p>\u00abSe cumplen seis a\u00f1os del voto no positivo que puso fin a un atropello\u00bb, record\u00f3 Etchevehere respecto del conflicto de 2008. Y a\u00f1adi\u00f3: \u00abLamentablemente, y a pesar de haberse frenado el intento confiscatorio, el Gobierno tom\u00f3 todas sus acciones como una revancha de aquella muestra de descontento de lo que result\u00f3 ser el voto no positivo en el Congreso\u00bb.<\/p>\n<p>El ruralista reclam\u00f3 que se busque el \u00abentendimiento\u00bb con el sector y reclam\u00f3 \u00abaprender de los errores\u00bb.<\/p>\n<p>\u00abYa probamos con las peleas, el distanciamiento, la agresi\u00f3n y nos fue mal. Probemos algo diferente\u00bb, precis\u00f3.<\/p>\n<p>\u00abHay que aprender de los errores cometidos, y cuando esto se comprueba hay que cambiar las pol\u00edticas, si es que no nos queremos transformar en necios\u00bb, agreg\u00f3.<\/p>\n<p>Para el presidente de la entidad, la muestra refleja el potencial \u00abintacto\u00bb del campo.<\/p>\n<p>\u00abToda la fuerza creadora y productiva del campo est\u00e1 intacta\u00bb, indic\u00f3. Por ello, solicit\u00f3: \u00abOjal\u00e1 en estos d\u00edas de descuento que quedan de aqu\u00ed al pr\u00f3ximo per\u00edodo constitucional, a fines de 2015, podamos encontrar un sector p\u00fablico que est\u00e9 a la altura de estos desaf\u00edos, que tenga funcionarios probos que conozcan la realidad agroalimentaria mundial para poder hacer que nosotros, los productores, expresemos todo nuestro potencial\u00bb.<\/p>\n<p>Tras el discurso de Etchevehere, Macri abund\u00f3 en elogios hacia el sector agropecuario.<\/p>\n<p>\u00abQueda todav\u00eda una transici\u00f3n controvertida, pero en la etapa que viene la Argentina necesita a cada uno de sus productores\u00bb, expres\u00f3 el jefe de gobierno porte\u00f1o.<\/p>\n<p>Macri destac\u00f3 que el campo es \u00abfuturo\u00bb y la \u00abindustria m\u00e1s potente\u00bb del pa\u00eds.<\/p>\n<p>\u00abEl campo es la gran oportunidad que tiene la Argentina de volver a poblarse equilibradamente\u00bb, afirm\u00f3.<\/p>\n<p>\u00abSabemos que ac\u00e1 hay futuro; sabemos que con el campo hay futuro\u00bb, enfatiz\u00f3.<\/p>\n<p>Adem\u00e1s de la exposici\u00f3n de los mejores ejemplares bovinos, donde se consagran los grandes campeones, la muestra este a\u00f1o busca darle m\u00e1s importancia a los agronegocios. En rigor, ayer empez\u00f3 el III Congreso Internacional de Agronegocios que concluye hoy con la presencia de destacados disertantes a nivel nacional e internacional.<\/p>\n<p><b>Menos presencia de maquinaria agr\u00edcola<\/b><\/p>\n<p>En el pabell\u00f3n de maquinaria agr\u00edcola, el comentario era la ausencia de expositores o la reducci\u00f3n de stands. \u00abTuvimos un 30 o 40 por ciento menos de ventas en el primer semestre. Quiz\u00e1 eso afect\u00f3\u00bb, dijo Carlos Castellani, presidente de la C\u00e1mara Argentina de Fabricantes de Maquinaria Agr\u00edcola (Cafma). Castellani precis\u00f3 que el costo \u00abes importante\u00bb y que hay empresas que tambi\u00e9n van a otras muestras. \u00abSe ven huecos\u00bb, relat\u00f3 Marcos Formica, de Mainero, sobre el pabell\u00f3n de maquinaria.<\/p>\n<p>En Metalfor, empresa fabricante de pulverizadoras, Miguel Becchio cont\u00f3: \u00abNosotros estamos con un stand 20% m\u00e1s chico\u00bb. Ya sea desde esta edici\u00f3n u otras pasadas, firmas como Juri, Caim\u00e1n, Vassalli, Apache, Agrometal, Ascanelli y Cestari ya no asisten. Algunas vuelven: despu\u00e9s de haber participado en 1991, Fraga, de San Francisco, este a\u00f1o vuelve a estar en Palermo.<\/p>\n<p>Antes Chevrolet sorprend\u00eda con un amplio stand. Ahora no est\u00e1. En las aventuras 4&#215;4 hay camionetas de Toyota, Ford y Volkswagen<\/p>\n<p>Fuente: La Naci\u00f3n<\/p>\n<p>&nbsp;<\/p>\n","protected":false},"excerpt":{"rendered":"<p>Su presidente, Luis Miguel Etchevehere, reclam\u00f3 funcionarios \u00abprobos\u00bb para el per\u00edodo constitucional que se abrir\u00e1 en 2015&#8230;<\/p>\n","protected":false},"author":5,"featured_media":0,"comment_status":"open","ping_status":"open","sticky":false,"template":"","format":"standard","meta":[],"categories":[1],"tags":[1216,1196,73],"_links":{"self":[{"href":"http:\/\/rurallascolonias.com.ar\/index.php?rest_route=\/wp\/v2\/posts\/3320"}],"collection":[{"href":"http:\/\/rurallascolonias.com.ar\/index.php?rest_route=\/wp\/v2\/posts"}],"about":[{"href":"http:\/\/rurallascolonias.com.ar\/index.php?rest_route=\/wp\/v2\/types\/post"}],"author":[{"embeddable":true,"href":"http:\/\/rurallascolonias.com.ar\/index.php?rest_route=\/wp\/v2\/users\/5"}],"replies":[{"embeddable":true,"href":"http:\/\/rurallascolonias.com.ar\/index.php?rest_route=%2Fwp%2Fv2%2Fcomments&post=3320"}],"version-history":[{"count":1,"href":"http:\/\/rurallascolonias.com.ar\/index.php?rest_route=\/wp\/v2\/posts\/3320\/revisions"}],"predecessor-version":[{"id":3322,"href":"http:\/\/rurallascolonias.com.ar\/index.php?rest_route=\/wp\/v2\/posts\/3320\/revisions\/3322"}],"wp:attachment":[{"href":"http:\/\/rurallascolonias.com.ar\/index.php?rest_route=%2Fwp%2Fv2%2Fmedia&parent=3320"}],"wp:term":[{"taxonomy":"category","embeddable":true,"href":"http:\/\/rurallascolonias.com.ar\/index.php?rest_route=%2Fwp%2Fv2%2Fcategories&post=3320"},{"taxonomy":"post_tag","embeddable":true,"href":"http:\/\/rurallascolonias.com.ar\/index.php?rest_route=%2Fwp%2Fv2%2Ftags&post=3320"}],"curies":[{"name":"wp","href":"https:\/\/api.w.org\/{rel}","templated":true}]}}