{"id":3317,"date":"2014-07-18T11:33:10","date_gmt":"2014-07-18T11:33:10","guid":{"rendered":"http:\/\/rurallascolonias.com.ar\/?p=3317"},"modified":"2014-07-18T11:33:10","modified_gmt":"2014-07-18T11:33:10","slug":"portuarios-levantaron-el-paro","status":"publish","type":"post","link":"http:\/\/rurallascolonias.com.ar\/?p=3317","title":{"rendered":"Portuarios levantaron el paro"},"content":{"rendered":"<p><strong><em><span style=\"font-weight: normal; font-style: normal; color: #393939;\">\u00a0<a href=\"http:\/\/rurallascolonias.com.ar\/wp-content\/uploads\/2014\/07\/portuarios.jpg\"><img loading=\"lazy\" class=\"aligncenter size-full wp-image-3318\" src=\"http:\/\/rurallascolonias.com.ar\/wp-content\/uploads\/2014\/07\/portuarios.jpg\" alt=\"portuarios\" width=\"337\" height=\"149\" srcset=\"http:\/\/rurallascolonias.com.ar\/wp-content\/uploads\/2014\/07\/portuarios.jpg 337w, http:\/\/rurallascolonias.com.ar\/wp-content\/uploads\/2014\/07\/portuarios-300x132.jpg 300w\" sizes=\"(max-width: 337px) 100vw, 337px\" \/><\/a>CONCILIACI\u00d3N OBLIGATORIA<\/span><\/em><\/strong><\/p>\n<h2 class=\"texto_15_gris\" style=\"color: #393939;\">El secretario Gremial y de Interior de la Uni\u00f3n de Recibidores de Granos y Anexos (URGARA), Pablo Palacio, explic\u00f3 que el gremio suspendi\u00f3 el paro iniciado el mi\u00e9rcoles.<\/h2>\n<p><!--more--><\/p>\n<p>&nbsp;<\/p>\n<p>Palacio explic\u00f3 que sindicalistas, funcionarios laborales y autoridades de Jefatura de Gabinete se reunir\u00e1n para intentar superar el conflicto salarial y convencional sectorial.<\/p>\n<p>El dirigente afirm\u00f3 que \u00abla protesta que se inici\u00f3 en todos los puertos nacionales ayer fue levantada este mediod\u00eda a instancias de una solicitud de Trabajo y una reuni\u00f3n ma\u00f1ana en Gabinete\u00bb.<\/p>\n<p>\u00abEl paro se levant\u00f3 al mediod\u00eda, aunque la actividad se normaliz\u00f3 luego de las 18, ya que siempre lleva algunas horas reactivar las operaciones y convocar al personal\u00bb, puntualiz\u00f3.<\/p>\n<p>Palacio explic\u00f3 que Trabajo hab\u00eda dictado la conciliaci\u00f3n obligatoria en el conflicto, pero ello constituy\u00f3 \u00abun exceso, ya que esa medida ya hab\u00eda sido cumplida con anterioridad\u00bb.<\/p>\n<p>\u00abEra un exceso. Ya se hab\u00eda dictado esa ley oportunamente. Entonces se dict\u00f3 una conciliaci\u00f3n individual y por empresa, lo que el sindicato rechaz\u00f3 a trav\u00e9s de un recurso jer\u00e1rquico que fue presentado hoy en la cartera laboral\u00bb, subray\u00f3 el dirigente.<\/p>\n<p>Tambi\u00e9n indic\u00f3 que \u00ablas empresas realizaron las respectivas denuncias en ese sentido, lo que constituy\u00f3 un disparate\u00bb, y se\u00f1al\u00f3 que el gremio reclama a las c\u00e1maras empresarias el cumplimiento del convenio colectivo y una mejora salarial.<\/p>\n<p>\u00abCumplir con el convenio significa preservar muchos puestos de trabajo en todos los puertos. El gremio no procur\u00f3 el conflicto. Hace ocho meses que comenzaron las negociaciones y las c\u00e1maras no responden. De no haber respuestas positivas, los trabajadores retomar\u00e1n las protestas en su momento\u00bb, puntualiz\u00f3 Palacio.<\/p>\n<p>El sindicalista explic\u00f3 que el personal inici\u00f3 el mi\u00e9rcoles un paro de 24 horas, que extendi\u00f3 luego otro d\u00eda, despu\u00e9s de haber vencido una conciliaci\u00f3n voluntaria el lunes \u00faltimo, y asever\u00f3 que las empresas del sector \u00abmanejan la econom\u00eda del pa\u00eds, por lo que es injusto que no ofrezcan respuestas a las demandas gremiales\u00bb.<\/p>\n<p>El paro tuvo \u00abun elevado nivel de acatamiento en la totalidad de los puertos cerealeros a partir de la intransigencia patronal\u00bb.<\/p>\n<p>Palacio reclam\u00f3 al Centro de Exportadores de Cereales que cumpla el convenio colectivo 407\/05 y a la C\u00e1mara de Puertos Privados una mejora de los haberes del 45% y una suma no remunerativa de 5.000 pesos, por \u00fanica vez, como anticipo de paritarias.<\/p>\n<p>El dirigente reconoci\u00f3 \u00abla voluntad del Ministerio de Trabajo de la Naci\u00f3n en procura de hallar una soluci\u00f3n al conflicto, lo que depende solo de ambas c\u00e1maras para hallar un acuerdo serio\u00bb.<\/p>\n<p>La protesta afect\u00f3 las actividades en los puertos, en especial los bonaerenses de Quequ\u00e9n y Bah\u00eda Blanca y el de Rosario.<\/p>\n<p>&nbsp;<\/p>\n<div class=\"separador_2\" style=\"color: #393939;\"><\/div>\n<p><span class=\"texto_13_gris\" style=\"color: #393939;\"><em>Fuente:\u00a0<\/em><strong>SM<\/strong><\/span><\/p>\n","protected":false},"excerpt":{"rendered":"<p>\u00a0CONCILIACI\u00d3N OBLIGATORIA El secretario Gremial y de Interior de la Uni\u00f3n de Recibidores de Granos y Anexos (URGARA), Pablo Palacio, explic\u00f3 que el gremio suspendi\u00f3 el paro iniciado el mi\u00e9rcoles.<\/p>\n","protected":false},"author":5,"featured_media":0,"comment_status":"open","ping_status":"open","sticky":false,"template":"","format":"standard","meta":[],"categories":[42],"tags":[1215,1031,1214],"_links":{"self":[{"href":"http:\/\/rurallascolonias.com.ar\/index.php?rest_route=\/wp\/v2\/posts\/3317"}],"collection":[{"href":"http:\/\/rurallascolonias.com.ar\/index.php?rest_route=\/wp\/v2\/posts"}],"about":[{"href":"http:\/\/rurallascolonias.com.ar\/index.php?rest_route=\/wp\/v2\/types\/post"}],"author":[{"embeddable":true,"href":"http:\/\/rurallascolonias.com.ar\/index.php?rest_route=\/wp\/v2\/users\/5"}],"replies":[{"embeddable":true,"href":"http:\/\/rurallascolonias.com.ar\/index.php?rest_route=%2Fwp%2Fv2%2Fcomments&post=3317"}],"version-history":[{"count":1,"href":"http:\/\/rurallascolonias.com.ar\/index.php?rest_route=\/wp\/v2\/posts\/3317\/revisions"}],"predecessor-version":[{"id":3319,"href":"http:\/\/rurallascolonias.com.ar\/index.php?rest_route=\/wp\/v2\/posts\/3317\/revisions\/3319"}],"wp:attachment":[{"href":"http:\/\/rurallascolonias.com.ar\/index.php?rest_route=%2Fwp%2Fv2%2Fmedia&parent=3317"}],"wp:term":[{"taxonomy":"category","embeddable":true,"href":"http:\/\/rurallascolonias.com.ar\/index.php?rest_route=%2Fwp%2Fv2%2Fcategories&post=3317"},{"taxonomy":"post_tag","embeddable":true,"href":"http:\/\/rurallascolonias.com.ar\/index.php?rest_route=%2Fwp%2Fv2%2Ftags&post=3317"}],"curies":[{"name":"wp","href":"https:\/\/api.w.org\/{rel}","templated":true}]}}