{"id":3314,"date":"2014-07-17T16:31:03","date_gmt":"2014-07-17T16:31:03","guid":{"rendered":"http:\/\/rurallascolonias.com.ar\/?p=3314"},"modified":"2014-07-17T16:31:03","modified_gmt":"2014-07-17T16:31:03","slug":"todos-hablan-de-la-leche","status":"publish","type":"post","link":"http:\/\/rurallascolonias.com.ar\/?p=3314","title":{"rendered":"TODOS HABLAN DE LA LECHE"},"content":{"rendered":"<p><strong><em><a href=\"http:\/\/rurallascolonias.com.ar\/wp-content\/uploads\/2014\/07\/A-qui\u00e9n-quieren-que-le-saquemos-rentabilidad-para-d\u00e1rsela-a-ustedes-300x200.jpg\"><img loading=\"lazy\" class=\"aligncenter size-full wp-image-3315\" src=\"http:\/\/rurallascolonias.com.ar\/wp-content\/uploads\/2014\/07\/A-qui\u00e9n-quieren-que-le-saquemos-rentabilidad-para-d\u00e1rsela-a-ustedes-300x200.jpg\" alt=\"A-qui\u00e9n-quieren-que-le-saquemos-rentabilidad-para-d\u00e1rsela-a-ustedes-300x200\" width=\"300\" height=\"200\" \/><\/a>AC\u00c1 TE LO\u00a0<\/em><\/strong><strong><em>CONTAMOS<\/em><\/strong><!--more--><\/p>\n<p>&nbsp;<\/p>\n<div id=\"45147\" class=\"post\" style=\"color: #333333;\">\n<div class=\"entry\">\n<div class=\"entry-lower\">\n<p>Pas\u00f3 la reuni\u00f3n entre gobierno y productores y todos tienen algo para decir, en un solo post te compartimos declaraciones de Cavallotto, Aimar, Fascendini, Costa, el \u201cTopo Rodr\u00edguez y la Mesa Lechera, entre otros.<\/p>\n<p>&nbsp;<\/p>\n<h2>Fabi\u00e1n Cavallotto: \u201cDar cr\u00e9dito es patear el problema para adelante\u201d<\/h2>\n<p>El Vicepresidente de la Filial Jun\u00edn de Federaci\u00f3n Agraria Argentina manifest\u00f3 que los tamberos necesitan que se solucionen los problemas de fondo.<br \/>\nLa Mesa Lechera bonaerense volvi\u00f3 a reunirse en la ciudad de General Villegas para evaluar la situaci\u00f3n del sector. La misma fue presidida por funcionarios de Asuntos Agrarios y la integraron adem\u00e1s referentes de las entidades rurales bonaerenses y de las pymes lecheras nucleados en Apymel y grandes empresas de la C\u00e1mara de Industrias Lecheras.<br \/>\n\u201cLa Mesa provincial se reuni\u00f3 en Bunge, partido de Villegas, para charlar un poco de todos los temas que tienen que ver con la situaci\u00f3n que est\u00e1 pasando la lecher\u00eda\u201d, dijo a LA VERDAD el vicepresidente de la Filial Jun\u00edn de Federaci\u00f3n Agraria Argentina, Fabi\u00e1n Cavallotto.<br \/>\n\u201cEl ministro de Asuntos Agrarios acompa\u00f1a y trata de mediar un poco, de poner orden. Pero la situaci\u00f3n sigue siendo muy dif\u00edcil\u201d, agreg\u00f3 Cavallotto en el mismo sentido<br \/>\nLos ministros de Econom\u00eda, Axel Kicillof, y de Agricultura, Carlos Casamiquela, en tanto, anticiparon a representantes del sector lechero la puesta en marcha de un programa de cr\u00e9ditos blandos e incentivos, que se oficializar\u00e1 la semana pr\u00f3xima.<br \/>\n\u201cA nosotros nos parece bien, el tema es que no solucionan el problema de fondo, que es lo que preocupa realmente a los tamberos. Dar cr\u00e9dito es patear el problema para adelante\u201d, asegur\u00f3 el dirigente local, quien ante la consulta por el valor del litro de leche sostuvo: \u201cLa Naci\u00f3n sigue firme en su intenci\u00f3n de que no se paguen m\u00e1s de tres pesos por litro\u201d.<br \/>\nLas autoridades nacionales anunciaron la creaci\u00f3n de una mesa de discusi\u00f3n donde se invitar\u00e1 a toda la cadena lechera con el fin de analizar medidas de mediano y largo plazo.<br \/>\nEl ministro Casamiquela enunci\u00f3 que el objetivo del encuentro fue que todos, dialogando con respeto, \u201cpodamos encontrar el mejor camino para fortalecer el sector lechero\u201d.<br \/>\nTambi\u00e9n consider\u00f3 como muy importante la asistencia de todos los miembros de la cadena de valor a la pr\u00f3xima convocatoria, para poder avanzar en el desarrollo de las pol\u00edticas p\u00fablicas que el sector requiere.<\/p>\n<p>http:\/\/www.laverdadonline.com<\/p>\n<h2>Julio Aimar: \u201cEstamos en una situaci\u00f3n de quebranto que necesitamos cr\u00e9ditos a 60 meses de plazo para poder seguir adelante\u201d.<\/h2>\n<p>El Presidente de la C\u00e1mara Lecheros Brazo Sur cont\u00f3 por menores de la reuni\u00f3n que se realiz\u00f3 entre los referentes del sector l\u00e1cteo y los responsables del Gobierno intentando ser escuchados sobres las necesidades que tienen los productores del sector. Entre lunes y martes los funcionarios prometieron anuncios de medidas que se esperan puedan ser \u00fatiles para salir de una situaci\u00f3n complicada.<br \/>\nFue una reuni\u00f3n donde los productores marcaron su posici\u00f3n ante el Gobierno seg\u00fan lo acordado en la Asamblea de Sunchales de la semana pasada, aunque la sensaci\u00f3n que les ha dejado no es la m\u00e1s grata.<br \/>\nSeg\u00fan Julio Aimar arranc\u00f3 mal \u201cpor una falta hacia nosotros porque empezamos una hora despu\u00e9s ya que utilizaron ese tiempo para instruir al ministro de econom\u00eda cuanto hab\u00eda crecido el precio de la leche y su diferencia entre el costo de la cruda y la que se vende en los comercios\u201d.<br \/>\nEl Ministro de Econom\u00eda pidi\u00f3 que no se lo interrumpiera y luego que termin\u00f3 se comenz\u00f3 a hablar del tema de la intervenci\u00f3n pero \u201c\u00e9l se fue prometiendo volver y no lo hizo\u201d.<br \/>\nLa reuni\u00f3n continu\u00f3 con el Ministro Carlos Casamiquela y el Secretario de Comercio Interior Augusto Costa entre otros funcionarios, coment\u00f3 Aimar en el programa \u201cEntre el Campo y la Ciudad\u201d por radio Colonia AM 550 que \u201cse anunci\u00f3 una l\u00ednea de cr\u00e9ditos que a m\u00e1s tardar entre lunes y martes nos van a indicar en que condiciones son, mientras nosotros hablamos de sustentabiliad\u201d.<br \/>\nY dio su parecer al respecto: \u201cQueremos l\u00edneas de cr\u00e9dito para poder pagarlas y estamos en una situaci\u00f3n de quebranto que necesitamos a 60 meses de plazo para poder seguir adelante\u201d.<br \/>\nSobre el futuro a corto plazo, desde la c\u00e1mara lechera se conformar\u00e1 un grupo de trabajo para ver todos los problemas, y Aimar cont\u00f3 que personalmente \u201cPed\u00ed un subsidio de $ 0.60.- por litro de leche no retornables por 120 d\u00edas\u201d, para poder trabajar este tiempo hasta encontrarle soluciones al sector, y medidas para los eslabones de la cadena entre los productores y los consumidores\u201d.<br \/>\nLos productores presentes que en algunos casos hicieron 1.600 kil\u00f3metros pensaban que se iba a tener respuestas a estos inconvenientes, \u201cporque nosotros siempre estamos dispuestos al di\u00e1logo y nunca lo rompemos\u201d, remarc\u00f3.<br \/>\nM\u00e1s all\u00e1 del fastidio reinante, Aimar transmiti\u00f3 el deseo de que \u201cesperemos que lo que tengan que proponer sea razonable y que cada productor pueda tomarlo seg\u00fan lo que dicta cada coyuntura que es mal\u00edsima y nada rentable\u201d.<br \/>\nFinalmente coment\u00f3 que el representante de Sunchales le pregunt\u00f3 si el secretario de comercio Interior Augusto Costa era el mentor de comunicarle a los industriales que no se pod\u00eda pagar m\u00e1s de 3 pesos el litro porque sino no iban a darle la posibilidad de exportaci\u00f3n y \u00e9l respondi\u00f3 exaltado que era inaceptable decir esto y que la medida sale como tal sin que se nombre a un funcionario determinado, no hubo una desmentida, solo quer\u00eda demostrar que no fue \u00e9l quien habl\u00f3 de esa medida.<\/p>\n<p>http:\/\/www.entrecampociudad.com.ar<\/p>\n<h2>Carlos Fascendini: \u201cHay que discutir la rentabilidad de la cadena\u201d<\/h2>\n<p>El ministro provincial Carlos Fascendini dijo que no hubo anuncios concretos en la reuni\u00f3n mantenida con Naci\u00f3n.<br \/>\nAnuncios con gusto a poco. Despu\u00e9s de la reuni\u00f3n que mantuvieron el lunes pasado con funcionarios nacionales, los tamberos de la provincia se manifestaron disconformes con los compromisos asumidos por el gobierno central. En ese sentido, el ministro de la Producci\u00f3n de la provincia, Carlos Fascendini, indic\u00f3 ayer que \u201cno se sabe en qu\u00e9 consiste concretamente\u201d la ayuda financiera para el sector y agreg\u00f3 que, si bien se habl\u00f3 de incentivos comerciales, tampoco se dio ning\u00fan detalle al respecto.<br \/>\nFascendini, adem\u00e1s, remarc\u00f3: \u201cLes manifest\u00e9 a los funcionarios nacionales que no estamos de acuerdo con la pol\u00edtica que aplican en el manejo de las operaciones de exportaci\u00f3n. Yo pienso que hay que distinguir a las grandes industrias de las peque\u00f1as y medianas que exportan productos con alto valor agregado. La demora en la entrega de los registros genera p\u00e9rdidas de mercados y problemas financieros\u201d.<br \/>\nNo hubo anuncios concretos, se\u00f1al\u00f3 el ministro de la Producci\u00f3n de la provincia. El gobierno nacional no contempl\u00f3 el principal reclamo de los productores, que tiene que ver con el precio de la leche. \u201cSe comprometieron a brindar ayuda financiera y a implementar un incentivo para los productores\u201d, explic\u00f3 el ministro, pero en la reuni\u00f3n no hubo ninguna precisi\u00f3n y los productores quedaron disconformes.<br \/>\n\u201cSe le pregunt\u00f3 al secretario de Comercio (Augusto Costa) si se le hab\u00eda exigido a la industria que no pague m\u00e1s de tres pesos por litro. Los funcionarios no lo confirmaron ni lo desestimaron. En definitiva, no hubo cuestiones concretas. De todas maneras, lo positivo es que se abri\u00f3 el di\u00e1logo. Es importante discutir la rentabilidad de la cadena l\u00e1ctea. Ellos le pidieron a los tamberos sugerencias sobre medidas a tomar\u201d, coment\u00f3 Fascendini.<br \/>\nAunque hab\u00edan sido convocados, los representantes del sector industrial y de los supermercados no fueron al encuentro. \u201cSe alert\u00f3 sobre esta situaci\u00f3n. (El ministro de Agricultura de la Naci\u00f3n, Carlos) Casamiquela dijo que no se pueden tomar medidas sin esos sectores. La idea es integrar a esos sectores. Hay que encontrar una salida justa para todos y no alterar los precios de g\u00f3ndola\u201d, sostuvo Fascendini.<br \/>\nAdem\u00e1s de Costa y Casamiquela, en la reuni\u00f3n estuvo el ministro de Econom\u00eda de la Naci\u00f3n, Axel Kicillof. Ahora seguir\u00e1n los encuentros entre referentes de la Regi\u00f3n Centro, que vienen trabajando en conjunto para lograr asistencia de la Naci\u00f3n para el sector lechero. \u201cEl compromiso es continuar el di\u00e1logo con los ministros de las provincias de Buenos Aires y C\u00f3rdoba\u201d, concluy\u00f3 Fascendini.<\/p>\n<p>Cuestionan controles<\/p>\n<p>El titular de la Sociedad Rural, Luis Etchevehere, denunci\u00f3 ayer al gobierno por buscar \u201ccargarle una factura de 500 millones de d\u00f3lares a los productores\u201d ganaderos a trav\u00e9s del nuevo sistema inform\u00e1tico para controlar la trazabilidad bovina. \u201cQuieren sacar un chip que va a significar un negocio de 500 millones de d\u00f3lares. Necesitamos que haya un plan integral para recuperar la ganader\u00eda en la Argentina, no solamente controlar algo que ya est\u00e1 controlado por el Senasa\u201d, se quej\u00f3 Etchevehere ante la prensa en Palermo, donde comenzar\u00e1 ma\u00f1ana la 128 exposici\u00f3n agropecuaria en La Rural. Para \u00e9l, la medida propuesta \u201cser\u00eda duplicar la informaci\u00f3n cuando hay 135 frigor\u00edficos cerrados en Argentina, m\u00e1s de 10 mil trabajadores de la carne en la calle y desaparecieron 16 mil productores ganaderos\u201d.<br \/>\nEn declaraciones radiales, Eduardo Buzzi, de Federaci\u00f3n Agraria, tambi\u00e9n critic\u00f3 la medida por entender que \u201clo m\u00e1s curioso es que se habla de un negocio de 500 millones de d\u00f3lares que los productores ganaderos vamos a pagar y todav\u00eda falta saber qu\u00e9 empresa\u201d va a proveer los chips para los animales.<br \/>\nLos ruralistas se refirieron as\u00ed a la decisi\u00f3n de la Afip de promover el denominado Sistema Fiscal de Trazabilidad Animal (Sifta), que tiene por objeto identificar y cumplir con la trazabilidad electr\u00f3nica de la hacienda bovina en todo el pa\u00eds.<\/p>\n<p>http:\/\/www.elciudadanoweb.com<\/p>\n<h2>Costa: \u201cA excepci\u00f3n de los Precios Cuidados, el Gobierno no determina el precio de la leche\u201d<\/h2>\n<p>El Secretario de Comercio de la Naci\u00f3n, Augusto Costa, destac\u00f3 el compromiso del gobierno nacional con el sector lechero, afirm\u00f3 que efect\u00faa \u201cun monitoreo permanente\u201d pero \u201cno determina el precio de la leche\u201d excepto en productos de Precios Cuidados, y se\u00f1al\u00f3 que entre enero y mayo de 2014, el precio de la leche cruda aument\u00f3 un 30 por ciento.<br \/>\nEl lunes pasado, durante una reuni\u00f3n en el palacio de Hacienda de los ministros de Econom\u00eda, Axel Kicillof, y de Agricultura, Carlos Casamiquela, con representantes de las distintas c\u00e1maras que nuclean a los productores lecheros, se hizo hincapi\u00e9 tanto en los problemas coyunturales como en las dificultades estructurales que presenta el sector.<br \/>\nEn ese marco, Costa asegur\u00f3 a T\u00e9lam que \u201chay un compromiso de trabajar junto a todo el sector para encontrar alternativas que proporcionen mejoras en la calidad y cantidad de la producci\u00f3n\u201d.<br \/>\n\u201cEn el encuentro del lunes se puntualiz\u00f3 la visi\u00f3n del Estado nacional acerca de la situaci\u00f3n de la lecher\u00eda argentina, destacando los problemas estructurales y coyunturales del sector y las diferentes medidas a llevar a cabo\u201d, a\u00f1adi\u00f3.<br \/>\nRespecto de algunas controversias surgidas en torno al precio de la leche, el secretario de Comercio afirm\u00f3 que \u201csi bien el Gobierno realiza un monitoreo permanente del sector, no determina el precio de la leche en ninguno de los eslabones de la cadena de valor, a excepci\u00f3n de los productos incluidos en el programa Precios Cuidados. La retribuci\u00f3n de cada uno de los actores se determina en condiciones de mercado\u201d.<br \/>\nAsimismo agreg\u00f3 que \u201cen los primeros cinco meses del a\u00f1o el precio de la leche cruda aument\u00f3 m\u00e1s del 30 por ciento\u201d, y aclar\u00f3 que si se tomaba en cuenta la participaci\u00f3n de los productores tamberos en el precio de venta al p\u00fablico de los productos l\u00e1cteos de Precios Cuidados, se alcanzaba un promedio del 40 por ciento, muy por encima de lo que percibe el sector primario en otros pa\u00edses.<br \/>\nPor \u00faltimo, el funcionario revel\u00f3 que \u201cen los primeros cinco meses del a\u00f1o se export\u00f3 un 9 por ciento m\u00e1s de leche (en volumen) y un 29 por ciento m\u00e1s en valor que en igual per\u00edodo del a\u00f1o pasado\u201d, pese a que el nivel de producci\u00f3n es inferior en 2014, lo que da cuenta de que el sistema de administraci\u00f3n del comercio exterior funciona sin ning\u00fan tipo de inconvenientes.<br \/>\nDurante el encuentro de las autoridades con el sector lechero se adelant\u00f3 la puesta en marcha de l\u00edneas de cr\u00e9ditos a tasa subsidiada con el Banco Naci\u00f3n, los bancos de las principales provincias lecheras y el Ministerio de Agricultura; fuerte inversi\u00f3n para mejoramiento de caminos rurales; reuni\u00f3n del consejo de Emergencia Agropecuaria para destinar ocho millones de pesos a las cuencas lecheras afectadas por factores clim\u00e1ticos y la instauraci\u00f3n de un est\u00edmulo a la producci\u00f3n incremental lechera por parte de la Secretar\u00eda de Comercio.<br \/>\nPor otro lado, se abrieron dos espacios de di\u00e1logo para analizar de forma permanente la cadena y poder planear su desarrollo a futuro: la mesa de lecher\u00eda y la creaci\u00f3n de un observatorio p\u00fablico privado de la lecher\u00eda argentina.<\/p>\n<p>http:\/\/www.telam.com.ar<\/p>\n<h2>Leche: En medio de cr\u00edticas a Naci\u00f3n, \u201cTopo\u201d Rodr\u00edguez prometi\u00f3 analizar la cadena de valor<\/h2>\n<p>El Ministerio de Asuntos Agrarios difundi\u00f3 los contenidos de un convenio para trabajar en ese sentido. El titular de la cartera dijo que habr\u00e1 una b\u00fasqueda para que los tamberos \u201creciban un precio justo\u201d. Ayer, productores criticaron al gobierno nacional por su negativa a modificar el control de precios.<br \/>\nEn medio del reclamo a Naci\u00f3n sobre los precios de la leche, el gobierno bonaerense manifest\u00f3 hoy su compromiso de estudiar la cadena de valor, al presentar los contenidos de un acuerdo en ese sentido en una reuni\u00f3n de la Mesa Provincial Lechera en General Villegas.<br \/>\nAs\u00ed, la Mesa Provincial Lechera, presidida por el Ministerio de Asuntos Agrarios bonaerense, trat\u00f3 hoy los lineamientos del convenio en materia lechera suscripto por los ministros de Asuntos Agrarios de Buenos Aires, C\u00f3rdoba y Santa Fe.<br \/>\nEn el acuerdo, las partes se comprometieron a analizar y establecer acciones de colaboraci\u00f3n para la Cadena de Valor del sector; y \u201ca evaluar pol\u00edticas que tiendan a mejorar la eficiencia de la Cadena, con especial atenci\u00f3n sobre los peque\u00f1os productores lecheros, satisfaciendo la demanda interna y asegurando el consumo popular; y a promover misiones comerciales en forma conjunta\u201d, seg\u00fan se inform\u00f3.<br \/>\nLa difusi\u00f3n y el tratamiento de esos lineamientos del convenio no es casual. Tamberos de la Mesa Nacional de Productores Lecheros se fueron disconformes ayer de una reuni\u00f3n con el ministro de Econom\u00eda, Axel Kiciloff, de Agricultura, Carlos Casamiquela; y el secretario de Comercio, Augusto Costa.<br \/>\nEn el encuentro, el gobierno dej\u00f3 trascender que esta semana anunciar\u00e1 cr\u00e9ditos a tasa subsidiada para el sector, y fondos para aplicar en caminos rurales afectados por las inundaciones, pero ratific\u00f3 que mantendr\u00e1 los controles de precios y de licencias de exportaci\u00f3n.<br \/>\nCabe recordar que desde la Secretar\u00eda de Comercio se difundi\u00f3 hace poco que a industriales l\u00e1cteos que en lo sucesivo no brindar\u00e1n m\u00e1s licencias de exportaci\u00f3n (ROE) a las compa\u00f1\u00edas que paguen a los tamberos m\u00e1s de 3,0 $\/litro en promedio.<br \/>\nSeg\u00fan trascendi\u00f3, de esa reuni\u00f3n participaron funcionarios de las carteras agrarias de Santa Fe y C\u00f3rdoba, pero no del gobierno bonaerense que, no obstante, le quitaron importancia a la falta de convocatoria al encuentro.<br \/>\nSin embargo, el Ministerio de Asuntos Agrarios destac\u00f3 su compromiso en el encuentro que se realiz\u00f3 en General Villegas, al que acudieron el subsecretario de Agricultura y Ganader\u00eda, Juan \u00c1ngel Cruz, y el director de Producci\u00f3n L\u00e1ctea, Marcelo Lioi.<br \/>\nEl ministro Alejandro \u201cTopo\u201d Rodr\u00edguez, en la mira por su pedido de baja en las retenciones al trigo, destac\u00f3, desde La Plata su vocaci\u00f3n de trabajar en la problem\u00e1tica cuestionada por los tamberos, algo que puede ponerlo, de nuevo, lejos del Gobierno nacional.<br \/>\nEn ese sentido, desliz\u00f3 la posibilidad de trabajar sobre los precios de la leche que llegan a los consumidores, una de los planteos realizados ayer por los tamberos no alineados. En efecto, hubo cr\u00edticas a los supermercados, quienes, al parecer, se quedan con gran parte de la ganancia.<br \/>\n\u201cLas provincias de Buenos Aires, Santa Fe y C\u00f3rdoba generamos m\u00e1s del 90 por ciento de la producci\u00f3n de leche en la Argentina y, por eso, la producci\u00f3n l\u00e1ctea tiene para nosotros un car\u00e1cter estrat\u00e9gico. Vamos a seguir trabajando juntos para que nuestros peque\u00f1os tamberos reciban un precio justo al pie del tambo sin que esto signifique un aumento de la leche en las g\u00f3ndolas para el consumo popular\u201d, dijo hoy Rodr\u00edguez.<\/p>\n<p>Reuni\u00f3n<\/p>\n<p>En la cuarta reuni\u00f3n de la Mesa Lechera en lo que va del a\u00f1o, se acord\u00f3 trabajar con representantes de la Autoridad del Agua, en la aplicaci\u00f3n de opciones tecnol\u00f3gicas para mejorar el manejo de efluentes de los tambos.<br \/>\nSeg\u00fan se inform\u00f3, participaron Juan Linari (CARBAP), Roberto Blousson (Centro de la Industria Lechera); y Carlos Gonz\u00e1lez (Federaci\u00f3n Agraria Argentina), adem\u00e1s de profesionales y representantes de la industria y de las pymes de las distintas cuencas lecheras bonaerenses.<\/p>\n<p>http:\/\/infocielo.com<\/p>\n<h2>Productores de leche advierten desabastecimiento del mercado interno<\/h2>\n<p>La Mesa Nacional de Productores de leche advierte \u201cun des\u00e1nimo tremendo\u201d en el sector y sostienen que \u201cnunca hubo una crisis de este nivel faltando leche, lo que necesita el productor es precio y plata\u201d. \u201cCosta dijo que se pagar\u00e1n los mismos precios de abril, mayo y junio, eso termino de liquidarnos\u201d.<br \/>\nMi\u00e9rcoles, 16 de julio de 2014. Carlos Brave, Coordinador de la Mesa Nacional de Productores de leche, dijo que el sector: \u201cse encuentra en estado de crisis, con una desfinanciaci\u00f3n tremenda, adem\u00e1s de los problemas clim\u00e1ticos. Estamos con precios de quebranto, si bien a fin del a\u00f1o pasado empezaron a moverse, no pudimos recuperar las p\u00e9rdidas. Se agrav\u00f3 con la devaluaci\u00f3n, que fue un mazazo para la producci\u00f3n lechera\u201d.<br \/>\n\u201cHay un desanimo tremendo. Si sigue as\u00ed, a largo plazo, va a pasar lo mismo que con la carne y va a peligrar el abastecimiento del mercado interno\u201d, asegur\u00f3 y agreg\u00f3 que \u201cel Gobierno fijaba 3 pesos como promedio, Costa dijo que se pagar\u00e1n los mismos precios de abril, mayo y junio, eso termino de liquidarnos\u201d.<br \/>\nRespecto a los cr\u00e9ditos blandos, opin\u00f3: \u201ctodav\u00eda no se conocen las tasas, venimos pidiendo un valor en el orden de los 60 y 70 centavos de aporte no retornable por 120 d\u00edas hasta que se estudien algunas medidas reestructurables, despu\u00e9s ped\u00edamos cr\u00e9ditos blandos en una tasa por debajo del 10 por ciento. La gran mayor\u00eda de productores tienen 4 o 5 meses de deuda con los alimentos\u201d.<br \/>\n\u201cNunca hubo una crisis de este nivel faltando leche, lo que necesita el productor es precio y plata. No se tiene en cuenta que, por m\u00e1s que den cr\u00e9ditos s\u00faper blandos, la gran mayor\u00eda de tamberos no califican para las carpetas o no est\u00e1n bancarizados, muchos recurren a cuevas donde est\u00e1n cobrando hasta un 7 por ciento mensual porque es mayor la deuda al capital que tenemos\u201d, explic\u00f3 Brave.<br \/>\nRespecto a la exportaci\u00f3n, se\u00f1al\u00f3: \u201cpodemos tener un muy leve aumento en la exportaci\u00f3n del 4 o 5 por ciento, pero en el 2013 tuvimos una gran baja, as\u00ed que no es un aumento. La situaci\u00f3n se est\u00e1 agravando por una declinaci\u00f3n en los precios internacionales de productos l\u00e1cteos, la inflaci\u00f3n sube, cobramos a 60 d\u00edas de lo producido, debemos planificar las reservas para el a\u00f1o que viene y no hay fondos, no hay financiaci\u00f3n ni perspectiva\u201d.<br \/>\n\u201cEl Gobierno est\u00e1 tomando conciencia de la gravedad de lo que est\u00e1 viviendo el sector y tiene que darse cuenta de que uno de los grandes problemas es la producci\u00f3n industrial. Ac\u00e1 hay dos grandes industrias en camino a la quiebra y todas esas ineficiencias las paga el productor\u201d, concluy\u00f3 Carlos Brave en Radio La Plata (FM)<\/p>\n<p>Fuente: Lecherialatina.com<\/p>\n<\/div>\n<\/div>\n<\/div>\n<p><!--more--><\/p>\n<p>&nbsp;<\/p>\n","protected":false},"excerpt":{"rendered":"<p>AC\u00c1 TE LO\u00a0CONTAMOS<\/p>\n","protected":false},"author":5,"featured_media":0,"comment_status":"open","ping_status":"open","sticky":false,"template":"","format":"standard","meta":[],"categories":[46,33],"tags":[12],"_links":{"self":[{"href":"http:\/\/rurallascolonias.com.ar\/index.php?rest_route=\/wp\/v2\/posts\/3314"}],"collection":[{"href":"http:\/\/rurallascolonias.com.ar\/index.php?rest_route=\/wp\/v2\/posts"}],"about":[{"href":"http:\/\/rurallascolonias.com.ar\/index.php?rest_route=\/wp\/v2\/types\/post"}],"author":[{"embeddable":true,"href":"http:\/\/rurallascolonias.com.ar\/index.php?rest_route=\/wp\/v2\/users\/5"}],"replies":[{"embeddable":true,"href":"http:\/\/rurallascolonias.com.ar\/index.php?rest_route=%2Fwp%2Fv2%2Fcomments&post=3314"}],"version-history":[{"count":1,"href":"http:\/\/rurallascolonias.com.ar\/index.php?rest_route=\/wp\/v2\/posts\/3314\/revisions"}],"predecessor-version":[{"id":3316,"href":"http:\/\/rurallascolonias.com.ar\/index.php?rest_route=\/wp\/v2\/posts\/3314\/revisions\/3316"}],"wp:attachment":[{"href":"http:\/\/rurallascolonias.com.ar\/index.php?rest_route=%2Fwp%2Fv2%2Fmedia&parent=3314"}],"wp:term":[{"taxonomy":"category","embeddable":true,"href":"http:\/\/rurallascolonias.com.ar\/index.php?rest_route=%2Fwp%2Fv2%2Fcategories&post=3314"},{"taxonomy":"post_tag","embeddable":true,"href":"http:\/\/rurallascolonias.com.ar\/index.php?rest_route=%2Fwp%2Fv2%2Ftags&post=3314"}],"curies":[{"name":"wp","href":"https:\/\/api.w.org\/{rel}","templated":true}]}}