{"id":3290,"date":"2014-07-16T12:28:28","date_gmt":"2014-07-16T12:28:28","guid":{"rendered":"http:\/\/rurallascolonias.com.ar\/?p=3290"},"modified":"2014-07-16T12:28:28","modified_gmt":"2014-07-16T12:28:28","slug":"el-parana-llego-a-547-metros-y-hay-155-evacuados","status":"publish","type":"post","link":"http:\/\/rurallascolonias.com.ar\/?p=3290","title":{"rendered":"El Paran\u00e1 lleg\u00f3 a 5,47 metros y hay 155 evacuados"},"content":{"rendered":"<h2 class=\"texto_15_gris\" style=\"color: #393939;\"><a href=\"http:\/\/rurallascolonias.com.ar\/wp-content\/uploads\/2014\/07\/crecida2.jpg\"><img loading=\"lazy\" class=\"aligncenter size-full wp-image-3291\" src=\"http:\/\/rurallascolonias.com.ar\/wp-content\/uploads\/2014\/07\/crecida2.jpg\" alt=\"crecida\" width=\"275\" height=\"183\" \/><\/a>Las familias trasladadas son de Colastin\u00e9 Sur y la Vuelta del Paraguayo. En El Pozo, hay 50 autoevacuados detr\u00e1s de la ex parada de la L\u00ednea 2. El pico llegar\u00eda en pocas horas.<\/h2>\n<p><!--more--><\/p>\n<p>&nbsp;<\/p>\n<p>Seg\u00fan la Municipalidad de Santa Fe, el pico de crecida del r\u00edo Paran\u00e1 se registrar\u00e1 en la capital provincial esta misma semana. Por el momento, cada nuevo cent\u00edmetro que se marca a la altura del Puerto local implica nuevas familias evacuadas.<br \/>\nOficialmente se inform\u00f3 anoche que hay 155 personas evacuadas. La discriminaci\u00f3n es la siguiente: 35 familias en la Vuelta del Paraguayo (62 personas mayores y 50 menores), en los m\u00f3dulos construidos por el municipio a la vera de la ruta 168; 11 familias en los m\u00f3dulos de Colastin\u00e9 Sur (15 mayores y 16 menores); y cuatro familias (5 mayores y 7 menores) en el refugio habilitado en la Asociaci\u00f3n Civil del Movimiento de Trabajadores en Lucha de barrio El Pozo.<\/p>\n<p>\u00abEn todos los casos, se brinda asistencia social, atenci\u00f3n m\u00e9dica, alimentaci\u00f3n y agua; y se cuenta con un dispositivo de seguridad y con el servicio de los guardavidas municipales para el traslado de las familias\u00bb, se\u00f1alaron desde el gobierno local. En tanto, se iniciar\u00e1 hoy un operativo especial de vacunaci\u00f3n en forma conjunta con el Ministerio de Salud, tanto para las familias evacuadas en los refugios como para las que permanecen en sus hogares y el personal municipal.<\/p>\n<p>A las personas mencionadas hay que agregar los autoevacuados del barrio El Pozo, que son siete familias -de entre 6 y 8 integrantes cada una- que se encontraban en el asentamiento y se instalaron ahora detr\u00e1s de la ex parada de la L\u00ednea 2, en la margen norte de esa jurisdicci\u00f3n vecinal. En total son unas 50 personas.<\/p>\n<p>Para realizar una evaluaci\u00f3n del estado actual de las zonas m\u00e1s afectadas, ayer se reuni\u00f3 en el Palacio Municipal capitalino el Centro de Operaciones de la ciudad, encabezado por los secretarios General, Carlos Pereira; de Comunicaci\u00f3n, Andrea Valsagna; de Gobierno, Mar\u00eda Mart\u00edn; el director de Gesti\u00f3n de Riesgos, Eduardo Aguirre Madariaga, y funcionarios del \u00e1rea de Salud, Recursos H\u00eddricos y Seguridad.<\/p>\n<p>Pereira hizo alusi\u00f3n a las tareas desarrolladas en el marco de los protocolos de gesti\u00f3n del riesgo y agreg\u00f3: \u00abA esta altura, estamos manej\u00e1ndonos con el comportamiento que las \u00e1reas t\u00e9cnicas y el \u00e1rea de Gesti\u00f3n de Riesgo del municipio est\u00e1n viendo en el r\u00edo aguas arriba\u00bb. Asimismo record\u00f3 que el Instituto Nacional del Agua (INA), en su informe de la semana pasada \u00abdec\u00eda que para el d\u00eda de hoy (por ayer), el r\u00edo iba a estar en 5,09; y est\u00e1 36 cent\u00edmetros por arriba de eso\u00bb. Vale se\u00f1alar que al cierre de esta edici\u00f3n se conoci\u00f3 el \u00faltimo reporte que indic\u00f3 que el r\u00edo Paran\u00e1 en Santa Fe est\u00e1 en 5,46 metros; mientras que el Salado en Santo Tom\u00e9 llegaba a 5,48 metros.<\/p>\n<p>Pereira adelant\u00f3: \u00abEsperamos que sobre el fin de semana se dibuje el pico de la crecida; pero vamos a tener un r\u00edo muy alto en lo que queda de julio y principios de agosto. Se ve que puerto arriba el agua est\u00e1 estancada o creciendo muy poco y esto va a pasar en d\u00edas m\u00e1s, en base a la experiencia que tenemos, no en base a informes t\u00e9cnicos\u00bb, dijo.<\/p>\n<p>El director de Gesti\u00f3n de Riesgo, Eduardo Aguirre Madariaga, acot\u00f3: \u00abEsta altura del Paran\u00e1 no produce afectaci\u00f3n a las zonas defendidas; s\u00ed est\u00e1n afectadas todas aquellas familias que viven fuera del anillo de defensa, dentro del valle del r\u00edo\u00bb.<\/p>\n<p>Por su parte, el ministro de Aguas, Servicios P\u00fablicos y Medio Ambiente, Antonio Ciancio, dar\u00e1 una conferencia hoy, a las 11, para dar detalles de los cinco nuevos generadores el\u00e9ctricos adquiridos para las estaciones de bombeo de Santa Fe y el \u00e1rea metropolitana.<\/p>\n<p>Las organizaciones<br \/>\nDistintas agrupaciones juveniles, ONG, los Bomberos Voluntarios de Las Flores, ciudadanos y empresas privadas se pusieron a disposici\u00f3n de los afectados. Ma\u00f1ana, a las 10, se realizar\u00e1 una conferencia de prensa por parte de organizaciones de la Costa en la vecinal de Colastin\u00e9 Sur (ruta 168, kil\u00f3metro 480) en relaci\u00f3n a la situaci\u00f3n de la zona, en el marco de la emergencia h\u00eddrica.<\/p>\n<p>En el barrio El Pozo, la organizaci\u00f3n El Pozillo encabeza una serie de actividades para colaborar con los afectados de ese sector. La familia Perezlindo puso a disposici\u00f3n su casa -manzana 16, vivienda 1 (frente a la playa)- para recibir alimentos no perecederos, ropa de cama, vestimenta y calzado.<br \/>\nEn di\u00e1logo con Diario UNO, Rodrigo Bosqui, integrante de El Pozillo, explic\u00f3 que \u00abhay siete familias, de entre 6 y 8 integrantes cada una, que se autoevacuaron y se instalaron en la margen norte del barrio, detr\u00e1s de lo que era la parada de la L\u00ednea 2, con casillas de chapas\u00bb, y agreg\u00f3: \u00abHay otras 25 familias que a\u00fan no se trasladaron, pero tambi\u00e9n tienen el agua encima. Lo que m\u00e1s se necesita para los autoevacuados y las familias que a\u00fan faltan trasladarse son cuatro ba\u00f1os qu\u00edmicos y agua potable\u00bb.<\/p>\n<p>Para colaborar con alimentos y ropa para el barrio El Pozo, los interesados pueden comunicarse al 154234036 o al 154080915.<\/p>\n<p>uno<\/p>\n<div class=\"separador_2\" style=\"color: #393939;\"><\/div>\n<p><span class=\"texto_13_gris\" style=\"color: #393939;\"><em>Fuente:\u00a0<\/em><strong>SM<\/strong><\/span><\/p>\n","protected":false},"excerpt":{"rendered":"<p>Las familias trasladadas son de Colastin\u00e9 Sur y la Vuelta del Paraguayo. En El Pozo, hay 50 autoevacuados detr\u00e1s de la ex parada de la L\u00ednea 2. El pico llegar\u00eda en pocas horas.<\/p>\n","protected":false},"author":5,"featured_media":0,"comment_status":"open","ping_status":"open","sticky":false,"template":"","format":"standard","meta":[],"categories":[42],"tags":[1075,1206],"_links":{"self":[{"href":"http:\/\/rurallascolonias.com.ar\/index.php?rest_route=\/wp\/v2\/posts\/3290"}],"collection":[{"href":"http:\/\/rurallascolonias.com.ar\/index.php?rest_route=\/wp\/v2\/posts"}],"about":[{"href":"http:\/\/rurallascolonias.com.ar\/index.php?rest_route=\/wp\/v2\/types\/post"}],"author":[{"embeddable":true,"href":"http:\/\/rurallascolonias.com.ar\/index.php?rest_route=\/wp\/v2\/users\/5"}],"replies":[{"embeddable":true,"href":"http:\/\/rurallascolonias.com.ar\/index.php?rest_route=%2Fwp%2Fv2%2Fcomments&post=3290"}],"version-history":[{"count":1,"href":"http:\/\/rurallascolonias.com.ar\/index.php?rest_route=\/wp\/v2\/posts\/3290\/revisions"}],"predecessor-version":[{"id":3292,"href":"http:\/\/rurallascolonias.com.ar\/index.php?rest_route=\/wp\/v2\/posts\/3290\/revisions\/3292"}],"wp:attachment":[{"href":"http:\/\/rurallascolonias.com.ar\/index.php?rest_route=%2Fwp%2Fv2%2Fmedia&parent=3290"}],"wp:term":[{"taxonomy":"category","embeddable":true,"href":"http:\/\/rurallascolonias.com.ar\/index.php?rest_route=%2Fwp%2Fv2%2Fcategories&post=3290"},{"taxonomy":"post_tag","embeddable":true,"href":"http:\/\/rurallascolonias.com.ar\/index.php?rest_route=%2Fwp%2Fv2%2Ftags&post=3290"}],"curies":[{"name":"wp","href":"https:\/\/api.w.org\/{rel}","templated":true}]}}