{"id":3284,"date":"2014-07-16T12:21:04","date_gmt":"2014-07-16T12:21:04","guid":{"rendered":"http:\/\/rurallascolonias.com.ar\/?p=3284"},"modified":"2014-07-16T12:21:04","modified_gmt":"2014-07-16T12:21:04","slug":"precios-de-lacteos-en-minimos-desde-septiembre-de-2012","status":"publish","type":"post","link":"http:\/\/rurallascolonias.com.ar\/?p=3284","title":{"rendered":"PRECIOS DE L\u00c1CTEOS EN M\u00cdNIMOS DESDE SEPTIEMBRE DE 2012"},"content":{"rendered":"<p><span style=\"color: #000000;\"><a href=\"http:\/\/rurallascolonias.com.ar\/wp-content\/uploads\/2014\/07\/Precios-de-l\u00e1cteos-en-m\u00ednimos-desde-setiembre-de-2012-300x199.png\"><img loading=\"lazy\" class=\"aligncenter size-full wp-image-3285\" src=\"http:\/\/rurallascolonias.com.ar\/wp-content\/uploads\/2014\/07\/Precios-de-l\u00e1cteos-en-m\u00ednimos-desde-setiembre-de-2012-300x199.png\" alt=\"Precios-de-l\u00e1cteos-en-m\u00ednimos-desde-setiembre-de-2012-300x199\" width=\"300\" height=\"199\" \/><\/a>Los l\u00e1cteos volvieron a tener una fuerte baja en su valor medio, ayer en el evento n\u00famero 120 de la plataforma Global Dairy Trade de Fonterra de 8,9%, cotizando a US$ 3.309, el nivel m\u00e1s bajo desde setiembre de 2012. <\/span><!--more--><\/p>\n<p><span style=\"color: #000000;\">El principal rubro de comercializaci\u00f3n a nivel mundial, la leche entera en polvo, tuvo una muy fuerte contracci\u00f3n en su valor medio de 10,9%, cotizando a US$\/t 3.088. La leche en polvo descremada tambi\u00e9n tuvo una fuerte depreciaci\u00f3n, de 7,1%, cotizando a US$\/t 3.516. Asimismo todos los productos comercializados ayer tuvieron ca\u00eddas en sus valores. La grasa but\u00edrica cay\u00f3 10%, la manteca 1,1% y el cheddar 1,6%. En cuanto a los contratos a futuro de la leche en polvo entera tambi\u00e9n sufrieron ca\u00eddas considerables de entre 10% y 12%. El contrato de setiembre-14 baj\u00f3 10,6% mientras que el de diciembre baj\u00f3 11,9%. La leche en polvo entera tuvo una ca\u00edda m\u00e1s moderada para el contrato de agosto-14, de 0,9%. Mientras que hacia adelanta la depreciaci\u00f3n fue de 8,2% y 8,1% para setiembre y octubre respectivamente. Luego de finalizado el evento el presidente de la C\u00e1mara Uruguaya de Productores de Leche, Horacio Le\u00e1niz, se refiri\u00f3 al mismo como una \u201cplaiza\u201d, al tiempo que agreg\u00f3 que \u201crealmente cuesta adaptarse a una condici\u00f3n de mercado tan compleja; cuesta en el an\u00e1lisis, pero m\u00e1s nos costar\u00e1 en la producci\u00f3n y su colocaci\u00f3n en el correr de la pr\u00f3xima primavera\u201d, expres\u00f3. Fuente: tardaguila.com.uy\u00a0<\/span><\/p>\n","protected":false},"excerpt":{"rendered":"<p>Los l\u00e1cteos volvieron a tener una fuerte baja en su valor medio, ayer en el evento n\u00famero 120 de la plataforma Global Dairy Trade de Fonterra de 8,9%, cotizando a US$ 3.309, el nivel m\u00e1s bajo desde setiembre de 2012.<\/p>\n","protected":false},"author":5,"featured_media":0,"comment_status":"open","ping_status":"open","sticky":false,"template":"","format":"standard","meta":[],"categories":[46],"tags":[1204,1203],"_links":{"self":[{"href":"http:\/\/rurallascolonias.com.ar\/index.php?rest_route=\/wp\/v2\/posts\/3284"}],"collection":[{"href":"http:\/\/rurallascolonias.com.ar\/index.php?rest_route=\/wp\/v2\/posts"}],"about":[{"href":"http:\/\/rurallascolonias.com.ar\/index.php?rest_route=\/wp\/v2\/types\/post"}],"author":[{"embeddable":true,"href":"http:\/\/rurallascolonias.com.ar\/index.php?rest_route=\/wp\/v2\/users\/5"}],"replies":[{"embeddable":true,"href":"http:\/\/rurallascolonias.com.ar\/index.php?rest_route=%2Fwp%2Fv2%2Fcomments&post=3284"}],"version-history":[{"count":1,"href":"http:\/\/rurallascolonias.com.ar\/index.php?rest_route=\/wp\/v2\/posts\/3284\/revisions"}],"predecessor-version":[{"id":3286,"href":"http:\/\/rurallascolonias.com.ar\/index.php?rest_route=\/wp\/v2\/posts\/3284\/revisions\/3286"}],"wp:attachment":[{"href":"http:\/\/rurallascolonias.com.ar\/index.php?rest_route=%2Fwp%2Fv2%2Fmedia&parent=3284"}],"wp:term":[{"taxonomy":"category","embeddable":true,"href":"http:\/\/rurallascolonias.com.ar\/index.php?rest_route=%2Fwp%2Fv2%2Fcategories&post=3284"},{"taxonomy":"post_tag","embeddable":true,"href":"http:\/\/rurallascolonias.com.ar\/index.php?rest_route=%2Fwp%2Fv2%2Ftags&post=3284"}],"curies":[{"name":"wp","href":"https:\/\/api.w.org\/{rel}","templated":true}]}}