{"id":328,"date":"2013-12-05T11:42:10","date_gmt":"2013-12-05T11:42:10","guid":{"rendered":"http:\/\/rurallascolonias.com.ar\/?p=328"},"modified":"2013-12-05T11:42:46","modified_gmt":"2013-12-05T11:42:46","slug":"cerealeras-aportaran-unos-us1-700-m-en-las-proximas-semanas","status":"publish","type":"post","link":"http:\/\/rurallascolonias.com.ar\/?p=328","title":{"rendered":"CEREALERAS APORTAR\u00c1N UNOS u$s1.700 M EN LAS PR\u00d3XIMAS SEMANAS"},"content":{"rendered":"<p><em><strong>El aporte se realizar\u00eda a trav\u00e9s de distintos instrumentos de deuda del Estado. Los exportadores piden un mayor cupo para la venta externa de granos<\/strong><\/em><\/p>\n<p>Tras el pedido del Gobierno para que la cerealeras ingresen 2.000 millones de d\u00f3lares a cambio de la emisi\u00f3n de t\u00edtulos de deuda del Banco Central, la operaci\u00f3n podr\u00eda concretarse por 1.700 millones de d\u00f3lares en las pr\u00f3ximas semanas, y as\u00ed fortalecer las reservas.<!--more--><\/p>\n<p>Seg\u00fan informa hoy el diario BAE, \u00a0Augusto Costa al frente de la cartera de Comercio Interior y otros miembros del equipo econ\u00f3mico nuevo se dirigieron en reuniones informales nuevamente a las cerealeras.<\/p>\n<p>Adem\u00e1s de Baade, tambi\u00e9n les hab\u00edan ofrecido una nueva letra de hasta seis meses de plazo que iba a emitir el BCRA, y cada empresa podr\u00eda solicitar la forma de compensaci\u00f3n que crea m\u00e1s conveniente sobre varias alternativas.<\/p>\n<p>Tambi\u00e9n podr\u00eda solicitar la ampliaci\u00f3n del cupo de exportaci\u00f3n de trigo, ya que hay una diferencia de 1,5 mill\u00f3n de toneladas entre lo que calcula el Gobierno y el mercado, se especul\u00f3.<\/p>\n<p>El jueves \u00faltimo fueron convocados a una reuni\u00f3n en el Ministerio de Econom\u00eda los representantes de la C\u00e1mara de la Industria Aceitera de la Rep\u00fablica Argentina (Ciara) y del Centro de Exportadores de Cereales (CEC).<\/p>\n<p>Particip\u00f3 el nuevo equipo econ\u00f3mico completo: el jefe de Gabinete, Jorge Capitanich; el ministro, Axel Kicillof; su viceministro, Emmanuel \u03bclvarez Agis, y el presidente del BCRA, Juan Carlos F\u00e1brega.<\/p>\n<p>Fuente: infocampo<\/p>\n","protected":false},"excerpt":{"rendered":"<p>El aporte se realizar\u00eda a trav\u00e9s de distintos instrumentos de deuda del Estado. Los exportadores piden un mayor cupo para la venta externa de granos Tras el pedido del Gobierno para que la cerealeras ingresen 2.000 millones de d\u00f3lares a cambio de la emisi\u00f3n de t\u00edtulos de deuda del Banco Central, la operaci\u00f3n podr\u00eda concretarse [&hellip;]<\/p>\n","protected":false},"author":5,"featured_media":329,"comment_status":"closed","ping_status":"closed","sticky":false,"template":"","format":"standard","meta":[],"categories":[14],"tags":[81,80,82,83,84,85],"_links":{"self":[{"href":"http:\/\/rurallascolonias.com.ar\/index.php?rest_route=\/wp\/v2\/posts\/328"}],"collection":[{"href":"http:\/\/rurallascolonias.com.ar\/index.php?rest_route=\/wp\/v2\/posts"}],"about":[{"href":"http:\/\/rurallascolonias.com.ar\/index.php?rest_route=\/wp\/v2\/types\/post"}],"author":[{"embeddable":true,"href":"http:\/\/rurallascolonias.com.ar\/index.php?rest_route=\/wp\/v2\/users\/5"}],"replies":[{"embeddable":true,"href":"http:\/\/rurallascolonias.com.ar\/index.php?rest_route=%2Fwp%2Fv2%2Fcomments&post=328"}],"version-history":[{"count":1,"href":"http:\/\/rurallascolonias.com.ar\/index.php?rest_route=\/wp\/v2\/posts\/328\/revisions"}],"predecessor-version":[{"id":330,"href":"http:\/\/rurallascolonias.com.ar\/index.php?rest_route=\/wp\/v2\/posts\/328\/revisions\/330"}],"wp:featuredmedia":[{"embeddable":true,"href":"http:\/\/rurallascolonias.com.ar\/index.php?rest_route=\/wp\/v2\/media\/329"}],"wp:attachment":[{"href":"http:\/\/rurallascolonias.com.ar\/index.php?rest_route=%2Fwp%2Fv2%2Fmedia&parent=328"}],"wp:term":[{"taxonomy":"category","embeddable":true,"href":"http:\/\/rurallascolonias.com.ar\/index.php?rest_route=%2Fwp%2Fv2%2Fcategories&post=328"},{"taxonomy":"post_tag","embeddable":true,"href":"http:\/\/rurallascolonias.com.ar\/index.php?rest_route=%2Fwp%2Fv2%2Ftags&post=328"}],"curies":[{"name":"wp","href":"https:\/\/api.w.org\/{rel}","templated":true}]}}