{"id":3271,"date":"2014-07-15T15:53:30","date_gmt":"2014-07-15T15:53:30","guid":{"rendered":"http:\/\/rurallascolonias.com.ar\/?p=3271"},"modified":"2014-07-15T15:53:30","modified_gmt":"2014-07-15T15:53:30","slug":"etchevehere-cuando-haya-un-cambio-de-politicas-el-campo-va-a-mejorar","status":"publish","type":"post","link":"http:\/\/rurallascolonias.com.ar\/?p=3271","title":{"rendered":"Etchevehere: \u00abCuando haya un cambio de pol\u00edticas, el campo va a mejorar\u00bb"},"content":{"rendered":"<p><span style=\"color: #656565;\"><a href=\"http:\/\/rurallascolonias.com.ar\/wp-content\/uploads\/2014\/07\/Etchevehere-3.jpg\"><img loading=\"lazy\" class=\"aligncenter size-full wp-image-3272\" src=\"http:\/\/rurallascolonias.com.ar\/wp-content\/uploads\/2014\/07\/Etchevehere-3.jpg\" alt=\"Etchevehere 3\" width=\"275\" height=\"183\" \/><\/a>El presidente de la Sociedad Rural present\u00f3 hoy al primer animal que lleg\u00f3 a la tradicional Exposici\u00f3n Rural de Palermo, que abrir\u00e1 sus puertas el jueves.<\/span><!--more--><\/p>\n<p><span style=\"color: #656565;\">La Exposici\u00f3n Rural de Palermo abrir\u00e1 sus puerta este jueves, pero el primer animal ya lleg\u00f3. A las 8:07 de hoy ingres\u00f3 en el predio ferial Dulcinea, una vaca Angus del establecimiento Santa Rita, de Chascom\u00fas, provincia de Buenos Aires, a la que pusieron el sobrenombre de Amada, seg\u00fan public\u00f3 La Naci\u00f3n.<\/span><br style=\"color: #656565;\" \/><br style=\"color: #656565;\" \/><span style=\"color: #656565;\">La vaca pesa 790 kilos y ya particip\u00f3 en dos ocasiones en la Rural. El a\u00f1o pasado gan\u00f3 el primer premio vaquillona intermedia.<\/span><br style=\"color: #656565;\" \/><br style=\"color: #656565;\" \/><span style=\"color: #656565;\">El presidente de la Sociedad Rural Argentina, Luis Miguel Etchevehere , quien estaba presente en el predio ferial cuando lleg\u00f3 el animal, fue consultado al respecto. \u00abGeneralmente es un toro [el primero en llegar], pero hay que respetar las cuestiones de g\u00e9nero\u00bb, dijo, entre risas.<\/span><br style=\"color: #656565;\" \/><br style=\"color: #656565;\" \/><span style=\"color: #656565;\">En di\u00e1logo con la prensa, Etchevehere explic\u00f3 que lleg\u00f3 primero un cami\u00f3n \u00abtodo con hembras\u00bb y que a Dulcinea \u00able fue muy bien\u00bb en distintas exposiciones. \u00abSeguramente ser\u00e1 una vaca que dar\u00e1 que hablar\u00bb, dijo.<\/span><br style=\"color: #656565;\" \/><br style=\"color: #656565;\" \/><span style=\"color: #656565;\">Tambi\u00e9n dijo que circulaba un \u00abcomentario\u00bb de que si el primer animal era un toro, ser\u00eda bautizado con el sobrenombre \u00abMasche\u00bb, por Javier Mascherano, el n\u00famero 14 de la selecci\u00f3n argentina de f\u00fatbol.<\/span><br style=\"color: #656565;\" \/><br style=\"color: #656565;\" \/><span style=\"color: #656565;\">\u00abNos quedamos esperando a Masche como la gente en el Obelisco, lamentablemente\u00bb, agreg\u00f3.<\/span><br style=\"color: #656565;\" \/><br style=\"color: #656565;\" \/><span style=\"color: #656565;\">Este a\u00f1o, la tradicional exposici\u00f3n estar\u00e1 focalizada en tres ejes: los agronegocios, la capacitaci\u00f3n y el entretenimiento (la competencia en la que se consagrar\u00e1n los grandes campeones de las principales razas bovinas y equinas, entre otros ejemplares).<\/span><br style=\"color: #656565;\" \/><br style=\"color: #656565;\" \/><span style=\"color: #656565;\">La muestra abrir\u00e1 sus puertas el jueves y concluir\u00e1 el domingo 27; la inauguraci\u00f3n oficial ser\u00e1 el 26. La 128a. edici\u00f3n de la tradicional exposici\u00f3n de ganader\u00eda, maquinaria agr\u00edcola y servicios acortar\u00e1 dos d\u00edas su apertura al p\u00fablico.<\/span><br style=\"color: #656565;\" \/><br style=\"color: #656565;\" \/><span style=\"color: #656565;\">Entre todas las razas y especies participantes hay unos 4500 animales inscriptos, cifra similar a la del a\u00f1o pasado.<\/span><br style=\"color: #656565;\" \/><br style=\"color: #656565;\" \/><span style=\"color: #656565;\">Como sucedi\u00f3 en los \u00faltimos a\u00f1os, no habr\u00e1 stands del gobierno. En cambio, habr\u00e1 de varios provincias, como C\u00f3rdoba, Santiago del Estero, Tucum\u00e1n, R\u00edo Negro, San Luis, San Juan, Salta, Chubut, Buenos Aires (con su Secretar\u00eda de Turismo, el Banco Provincia y el Ministerio de Asuntos Agrarios, que presentar\u00e1 una nueva raza ovina) y la ciudad aut\u00f3noma de Buenos Aires.<\/span><br style=\"color: #656565;\" \/><br style=\"color: #656565;\" \/><span style=\"color: #656565;\">No faltar\u00e1 la presencia de pol\u00edticos y empresarios que se acercar\u00e1n a la muestra, una caja de resonancia.<\/span><br style=\"color: #656565;\" \/><br style=\"color: #656565;\" \/><span style=\"color: #656565;\">\u00abRelaci\u00f3n inexistente\u00bb<\/span><br style=\"color: #656565;\" \/><br style=\"color: #656565;\" \/><span style=\"color: #656565;\">Etchevehere dijo hoy que \u00abel campo expresa todo su potencial\u00bb en la exposici\u00f3n. \u00abA pesar de las pol\u00edticas contrarias al campo que lleva adelante el Gobierno, la Argentina est\u00e1 preparada para satisfacer la demanda internacional de alimentos y la generaci\u00f3n de energ\u00edas renovables\u00bb, sostuvo.<\/span><br style=\"color: #656565;\" \/><br style=\"color: #656565;\" \/><span style=\"color: #656565;\">\u00abFalta que haya un marco institucional que nos contenga a todos, que haya pol\u00edticas de Estado para desarrollar toda la capacidad productiva de la Argentina\u00bb, plante\u00f3.<\/span><br style=\"color: #656565;\" \/><br style=\"color: #656565;\" \/><span style=\"color: #656565;\">En di\u00e1logo con la radio La Once Diez, el titular de la SRA reiter\u00f3 que \u00abla relaci\u00f3n con el Gobierno es inexistente\u00bb, que \u00abno reciben al campo\u00bb y que pidieron audiencias \u00aby no hubo respuesta\u00bb.<\/span><br style=\"color: #656565;\" \/><br style=\"color: #656565;\" \/><span style=\"color: #656565;\">\u00abCuando haya un cambio de pol\u00edticas, el campo va a mejorar \u00ab, asegur\u00f3.<\/span><\/p>\n<p>Fuente: Infocampo<\/p>\n","protected":false},"excerpt":{"rendered":"<p>El presidente de la Sociedad Rural present\u00f3 hoy al primer animal que lleg\u00f3 a la tradicional Exposici\u00f3n Rural de Palermo, que abrir\u00e1 sus puertas el jueves.<\/p>\n","protected":false},"author":5,"featured_media":0,"comment_status":"open","ping_status":"open","sticky":false,"template":"","format":"standard","meta":[],"categories":[14],"tags":[1196,73],"_links":{"self":[{"href":"http:\/\/rurallascolonias.com.ar\/index.php?rest_route=\/wp\/v2\/posts\/3271"}],"collection":[{"href":"http:\/\/rurallascolonias.com.ar\/index.php?rest_route=\/wp\/v2\/posts"}],"about":[{"href":"http:\/\/rurallascolonias.com.ar\/index.php?rest_route=\/wp\/v2\/types\/post"}],"author":[{"embeddable":true,"href":"http:\/\/rurallascolonias.com.ar\/index.php?rest_route=\/wp\/v2\/users\/5"}],"replies":[{"embeddable":true,"href":"http:\/\/rurallascolonias.com.ar\/index.php?rest_route=%2Fwp%2Fv2%2Fcomments&post=3271"}],"version-history":[{"count":1,"href":"http:\/\/rurallascolonias.com.ar\/index.php?rest_route=\/wp\/v2\/posts\/3271\/revisions"}],"predecessor-version":[{"id":3273,"href":"http:\/\/rurallascolonias.com.ar\/index.php?rest_route=\/wp\/v2\/posts\/3271\/revisions\/3273"}],"wp:attachment":[{"href":"http:\/\/rurallascolonias.com.ar\/index.php?rest_route=%2Fwp%2Fv2%2Fmedia&parent=3271"}],"wp:term":[{"taxonomy":"category","embeddable":true,"href":"http:\/\/rurallascolonias.com.ar\/index.php?rest_route=%2Fwp%2Fv2%2Fcategories&post=3271"},{"taxonomy":"post_tag","embeddable":true,"href":"http:\/\/rurallascolonias.com.ar\/index.php?rest_route=%2Fwp%2Fv2%2Ftags&post=3271"}],"curies":[{"name":"wp","href":"https:\/\/api.w.org\/{rel}","templated":true}]}}