{"id":3267,"date":"2014-07-15T12:09:43","date_gmt":"2014-07-15T12:09:43","guid":{"rendered":"http:\/\/rurallascolonias.com.ar\/?p=3267"},"modified":"2014-07-15T12:09:43","modified_gmt":"2014-07-15T12:09:43","slug":"el-gobierno-le-dijo-a-los-tamberos-que-en-un-ano-y-medio-recibieron-un-135-de-aumento","status":"publish","type":"post","link":"http:\/\/rurallascolonias.com.ar\/?p=3267","title":{"rendered":"EL GOBIERNO LE DIJO A LOS TAMBEROS QUE EN UN A\u00d1O Y MEDIO RECIBIERON UN 135% DE AUMENTO"},"content":{"rendered":"<p><span style=\"color: #000000;\"><a href=\"http:\/\/rurallascolonias.com.ar\/wp-content\/uploads\/2014\/07\/El-Gobierno-les-dijo-a-los-tamberos-que-en-un-a\u00f1o-y-medio-recibieron-un-135-de-aumento-300x217.jpg\"><img loading=\"lazy\" class=\"aligncenter size-full wp-image-3268\" src=\"http:\/\/rurallascolonias.com.ar\/wp-content\/uploads\/2014\/07\/El-Gobierno-les-dijo-a-los-tamberos-que-en-un-a\u00f1o-y-medio-recibieron-un-135-de-aumento-300x217.jpg\" alt=\"El-Gobierno-les-dijo-a-los-tamberos-que-en-un-a\u00f1o-y-medio-recibieron-un-135-de-aumento-300x217\" width=\"300\" height=\"217\" \/><\/a>La reuni\u00f3n mantenida con el sector lechero y los gobiernos provinciales no tuvo anuncios concretos para resolver la situaci\u00f3n el precio de la leche. <\/span><!--more--><\/p>\n<p><span style=\"color: #000000;\">Kicillof abri\u00f3 el encuentro y se retir\u00f3. Prometieron hacer anuncios el pr\u00f3ximo lunes. La tan esperada audiencia de los tamberos con el Gobierno nacional finalmente se concret\u00f3 hoy en el Ministerio de Econom\u00eda de la Naci\u00f3n, con la presencia de los ministros Axel Kicillof y Carlos Casamiquela, y la asistencia de funcionarios de las provincias lecheras (C\u00f3rdoba, Santa Fe y Buenos Aires), pero lejos estuvo de colmar las expectativas de los concurrentes. Seg\u00fan pudo averiguar extraoficialmente Nuestro Agro, los productores estuvieron representados por las 17 entidades primarias y autoconvocados de la cuenca lechera, que sin embargo no pudieron exponer su situaci\u00f3n ante el ministro de Econom\u00eda, quien luego de abrir la reuni\u00f3n y decir que el tambero recibi\u00f3 en un a\u00f1o y medio un 135% de aumento por su materia prima, se retir\u00f3, dejando a Casamiquela a cargo. En concreto, el Gobierno dijo que el lunes pr\u00f3ximo habr\u00e1 anuncio de medidas para productores con problemas de financiamiento y en situaci\u00f3n de Emergencia, aunque no hubo mayores precisiones al respecto. Los productores pudieron decirle a Casamiquela que los cr\u00e9ditos provinciales con subsidios de la Naci\u00f3n no son convenientes y que necesitan otro tipo de incentivos. Finalmente, la reuni\u00f3n que dur\u00f3 casi tres horas no cerr\u00f3 con ning\u00fan anuncio concreto m\u00e1s que una promesa de medidas para productores altamente comprometidos. En las pr\u00f3ximas horas seguramente seguir\u00e1n apareciendo repercusiones y detalles de lo sucedido. Fuente: Nuestro Agro Comunicado de CAPROLEC Informe reuni\u00f3n con Kicillof Desde las 10 de la ma\u00f1ana en la sede del Ministerio de Economia de la Naci\u00f3n se llevo a cabo la reuni\u00f3n programada con el Sr Ministro de Econom\u00eda y Agricultura. En el d\u00eda de la fecha, tal cual lo informado oportunamente asistimos a la reuni\u00f3n programada con los Ministros de Econom\u00eda y Agricultura de la Naci\u00f3n. En la misma nos informaron que la semana entrante lanzaran una serie de medidas para el sector tambero. Adem\u00e1s, las entidades presentes les manifestaron una serie de reclamos y sugerencias focalizadas en la situaci\u00f3n coyuntural de la cadena l\u00e1ctea. Ante esto, el Ministro de Agricultura Carlos Casamiquela, se comprometi\u00f3 a formar la mesa l\u00e1ctea de discusi\u00f3n en un plazo de 10 d\u00edas. <\/span><\/p>\n<p><span style=\"color: #000000;\">CAPROLEC\u00a0<\/span><\/p>\n","protected":false},"excerpt":{"rendered":"<p>La reuni\u00f3n mantenida con el sector lechero y los gobiernos provinciales no tuvo anuncios concretos para resolver la situaci\u00f3n el precio de la leche.<\/p>\n","protected":false},"author":5,"featured_media":0,"comment_status":"open","ping_status":"open","sticky":false,"template":"","format":"standard","meta":[],"categories":[46,33],"tags":[176,74,227],"_links":{"self":[{"href":"http:\/\/rurallascolonias.com.ar\/index.php?rest_route=\/wp\/v2\/posts\/3267"}],"collection":[{"href":"http:\/\/rurallascolonias.com.ar\/index.php?rest_route=\/wp\/v2\/posts"}],"about":[{"href":"http:\/\/rurallascolonias.com.ar\/index.php?rest_route=\/wp\/v2\/types\/post"}],"author":[{"embeddable":true,"href":"http:\/\/rurallascolonias.com.ar\/index.php?rest_route=\/wp\/v2\/users\/5"}],"replies":[{"embeddable":true,"href":"http:\/\/rurallascolonias.com.ar\/index.php?rest_route=%2Fwp%2Fv2%2Fcomments&post=3267"}],"version-history":[{"count":1,"href":"http:\/\/rurallascolonias.com.ar\/index.php?rest_route=\/wp\/v2\/posts\/3267\/revisions"}],"predecessor-version":[{"id":3269,"href":"http:\/\/rurallascolonias.com.ar\/index.php?rest_route=\/wp\/v2\/posts\/3267\/revisions\/3269"}],"wp:attachment":[{"href":"http:\/\/rurallascolonias.com.ar\/index.php?rest_route=%2Fwp%2Fv2%2Fmedia&parent=3267"}],"wp:term":[{"taxonomy":"category","embeddable":true,"href":"http:\/\/rurallascolonias.com.ar\/index.php?rest_route=%2Fwp%2Fv2%2Fcategories&post=3267"},{"taxonomy":"post_tag","embeddable":true,"href":"http:\/\/rurallascolonias.com.ar\/index.php?rest_route=%2Fwp%2Fv2%2Ftags&post=3267"}],"curies":[{"name":"wp","href":"https:\/\/api.w.org\/{rel}","templated":true}]}}