{"id":3263,"date":"2014-07-15T12:03:18","date_gmt":"2014-07-15T12:03:18","guid":{"rendered":"http:\/\/rurallascolonias.com.ar\/?p=3263"},"modified":"2014-07-15T12:03:26","modified_gmt":"2014-07-15T12:03:26","slug":"el-rio-parana-llego-a-540-metros","status":"publish","type":"post","link":"http:\/\/rurallascolonias.com.ar\/?p=3263","title":{"rendered":"El R\u00edo Paran\u00e1 lleg\u00f3 a 5,40 metros"},"content":{"rendered":"<h2 class=\"texto_15_gris\" style=\"color: #393939;\"><a href=\"http:\/\/rurallascolonias.com.ar\/wp-content\/uploads\/2014\/07\/crecida1.jpg\"><img loading=\"lazy\" class=\"aligncenter size-full wp-image-3226\" src=\"http:\/\/rurallascolonias.com.ar\/wp-content\/uploads\/2014\/07\/crecida1.jpg\" alt=\"crecida\" width=\"544\" height=\"293\" srcset=\"http:\/\/rurallascolonias.com.ar\/wp-content\/uploads\/2014\/07\/crecida1.jpg 544w, http:\/\/rurallascolonias.com.ar\/wp-content\/uploads\/2014\/07\/crecida1-300x161.jpg 300w\" sizes=\"(max-width: 544px) 100vw, 544px\" \/><\/a>El \u00faltimo informe de Centro de Operaciones del Gobierno de la Ciudad de Santa Fe inform\u00f3 que el R\u00edo Paran\u00e1 en el dique 2 del Puerto local alcanz\u00f3 ayer, a las 20, los 5,40, creciendo. El INA emiti\u00f3 un nuevo pron\u00f3stico donde estima que el r\u00edo alcance los 5,45 m. para el 31 de julio en el Puerto<\/h2>\n<p><!--more--><\/p>\n<p>&nbsp;<\/p>\n<p>Fuente: Sin Mordaza<\/p>\n","protected":false},"excerpt":{"rendered":"<p>El \u00faltimo informe de Centro de Operaciones del Gobierno de la Ciudad de Santa Fe inform\u00f3 que el R\u00edo Paran\u00e1 en el dique 2 del Puerto local alcanz\u00f3 ayer, a las 20, los 5,40, creciendo. El INA emiti\u00f3 un nuevo pron\u00f3stico donde estima que el r\u00edo alcance los 5,45 m. para el 31 de julio [&hellip;]<\/p>\n","protected":false},"author":5,"featured_media":0,"comment_status":"open","ping_status":"open","sticky":false,"template":"","format":"standard","meta":[],"categories":[42],"tags":[1195],"_links":{"self":[{"href":"http:\/\/rurallascolonias.com.ar\/index.php?rest_route=\/wp\/v2\/posts\/3263"}],"collection":[{"href":"http:\/\/rurallascolonias.com.ar\/index.php?rest_route=\/wp\/v2\/posts"}],"about":[{"href":"http:\/\/rurallascolonias.com.ar\/index.php?rest_route=\/wp\/v2\/types\/post"}],"author":[{"embeddable":true,"href":"http:\/\/rurallascolonias.com.ar\/index.php?rest_route=\/wp\/v2\/users\/5"}],"replies":[{"embeddable":true,"href":"http:\/\/rurallascolonias.com.ar\/index.php?rest_route=%2Fwp%2Fv2%2Fcomments&post=3263"}],"version-history":[{"count":1,"href":"http:\/\/rurallascolonias.com.ar\/index.php?rest_route=\/wp\/v2\/posts\/3263\/revisions"}],"predecessor-version":[{"id":3264,"href":"http:\/\/rurallascolonias.com.ar\/index.php?rest_route=\/wp\/v2\/posts\/3263\/revisions\/3264"}],"wp:attachment":[{"href":"http:\/\/rurallascolonias.com.ar\/index.php?rest_route=%2Fwp%2Fv2%2Fmedia&parent=3263"}],"wp:term":[{"taxonomy":"category","embeddable":true,"href":"http:\/\/rurallascolonias.com.ar\/index.php?rest_route=%2Fwp%2Fv2%2Fcategories&post=3263"},{"taxonomy":"post_tag","embeddable":true,"href":"http:\/\/rurallascolonias.com.ar\/index.php?rest_route=%2Fwp%2Fv2%2Ftags&post=3263"}],"curies":[{"name":"wp","href":"https:\/\/api.w.org\/{rel}","templated":true}]}}