{"id":3250,"date":"2014-07-14T16:55:10","date_gmt":"2014-07-14T16:55:10","guid":{"rendered":"http:\/\/rurallascolonias.com.ar\/?p=3250"},"modified":"2014-07-14T16:55:10","modified_gmt":"2014-07-14T16:55:10","slug":"los-de-afuera-son-de-palo-cra-rechaza-la-intromision-de-la-cnv","status":"publish","type":"post","link":"http:\/\/rurallascolonias.com.ar\/?p=3250","title":{"rendered":"Los de afuera son de palo: CRA rechaza la intromisi\u00f3n de la CNV"},"content":{"rendered":"<div class=\"description\" style=\"color: #333333;\"><a href=\"http:\/\/rurallascolonias.com.ar\/wp-content\/uploads\/2014\/02\/CRA.jpg\"><img loading=\"lazy\" class=\"aligncenter size-full wp-image-1331\" src=\"http:\/\/rurallascolonias.com.ar\/wp-content\/uploads\/2014\/02\/CRA.jpg\" alt=\"CRA\" width=\"185\" height=\"177\" \/><\/a>En un comunicado, Confederaciones Rurales Argentinas reiter\u00f3 su total rechazo a una nueva intromisi\u00f3n del Gobierno nacional.<\/div>\n<p><!--more--><\/p>\n<div class=\"description\" style=\"color: #333333;\"><\/div>\n<div class=\"authorinfo\" style=\"color: #333333;\">Confederaciones Rurales Argentinas reitera su total rechazo a una nueva intromisi\u00f3n del Gobierno nacional dentro del sector agropecuario, en este caso a trav\u00e9s de la incorporaci\u00f3n de la Comisi\u00f3n Nacional de Valores (CNV) al mercado de granos.<\/div>\n<div class=\"vsmcontent\" style=\"color: #333333;\">\n<p align=\"justify\">Es ya sabida la postura de CRA con respecto a la necesidad urgente de transparentar lo que sucede en cuanto a la formaci\u00f3n de precios para la comercializaci\u00f3n dentro del mercado de granos. En reiteradas oportunidades la entidad inst\u00f3 por la modernizaci\u00f3n de la informaci\u00f3n disponible, y solicit\u00f3 a las autoridades nacionales la construcci\u00f3n de un proceso claro para el acceso y difusi\u00f3n de la misma.<\/p>\n<p align=\"justify\">Es preocupante y llamativo cuanto menos que existiendo el Ministerio de Agricultura de la Naci\u00f3n como \u00f3rgano responsable t\u00e9cnicamente de administrar y generar pol\u00edticas que contribuyan a fomentar la agricultura y ganader\u00eda de la Argentina, sea la CNV, sin ser su \u00e1mbito espec\u00edfico, \u00a0quien se entrometa dentro del mercado de granos para exigir nuevos registros y aplicar la denominada ley de mercados de capitales que solo traer\u00e1, atendiendo al historial pol\u00edtico de este Gobierno, m\u00e1s persecuciones hacia la producci\u00f3n.<\/p>\n<p align=\"justify\">Ante tantas mentiras que poblaron la llamada \u201cd\u00e9cada ganada\u201d es imposible a esta altura de los acontecimientos pretender creer que la intromisi\u00f3n de la CNV solo corresponde a una intenci\u00f3n por mejorar la informaci\u00f3n de mercado. En este sentido CRA reitera de manera enf\u00e1tica que es el Ministerio de Agricultura de la Naci\u00f3n el \u00fanico organismo de contralor del funcionamiento de \u00a0las Bolsas de Cereales y quien debe lograr, de una vez por todas, la transparencia del mercado. De esta manera el Minagri deber\u00eda tambi\u00e9n preocuparse por volver a recuperar funciones sobre las exportaciones de granos que perdi\u00f3 en manos de la Secretaria de Comercio Interior.<\/p>\n<p align=\"justify\">Lamentablemente este Gobierno ha sabido dar sobradas muestras de que todo lo que interviene de manera directa lo da\u00f1a. El sector agropecuario y la Argentina cuenta con lamentables y reiteradas pruebas del perjuicio econ\u00f3mico que le han causado diferentes pol\u00edticas que solo han restringido la comercializaci\u00f3n agropecuaria, limitando el acceso a la informaci\u00f3n p\u00fablica, manipulando las estad\u00edsticas oficiales, aislando a nuestro pa\u00eds del mundo, golpeando a la rentabilidad de los productores, y perjudicando la entrada normal de divisas.<\/p>\n<div class=\"authorinfo\">Fuente:\u00a0<a title=\"Fyo\" href=\"http:\/\/www.fyo.com.ar\/\">Fyo<\/a><\/div>\n<div class=\"vsmcontent\"><\/div>\n<\/div>\n","protected":false},"excerpt":{"rendered":"<p>En un comunicado, Confederaciones Rurales Argentinas reiter\u00f3 su total rechazo a una nueva intromisi\u00f3n del Gobierno nacional.<\/p>\n","protected":false},"author":5,"featured_media":0,"comment_status":"open","ping_status":"open","sticky":false,"template":"","format":"standard","meta":[],"categories":[29],"tags":[30,1183,291],"_links":{"self":[{"href":"http:\/\/rurallascolonias.com.ar\/index.php?rest_route=\/wp\/v2\/posts\/3250"}],"collection":[{"href":"http:\/\/rurallascolonias.com.ar\/index.php?rest_route=\/wp\/v2\/posts"}],"about":[{"href":"http:\/\/rurallascolonias.com.ar\/index.php?rest_route=\/wp\/v2\/types\/post"}],"author":[{"embeddable":true,"href":"http:\/\/rurallascolonias.com.ar\/index.php?rest_route=\/wp\/v2\/users\/5"}],"replies":[{"embeddable":true,"href":"http:\/\/rurallascolonias.com.ar\/index.php?rest_route=%2Fwp%2Fv2%2Fcomments&post=3250"}],"version-history":[{"count":1,"href":"http:\/\/rurallascolonias.com.ar\/index.php?rest_route=\/wp\/v2\/posts\/3250\/revisions"}],"predecessor-version":[{"id":3251,"href":"http:\/\/rurallascolonias.com.ar\/index.php?rest_route=\/wp\/v2\/posts\/3250\/revisions\/3251"}],"wp:attachment":[{"href":"http:\/\/rurallascolonias.com.ar\/index.php?rest_route=%2Fwp%2Fv2%2Fmedia&parent=3250"}],"wp:term":[{"taxonomy":"category","embeddable":true,"href":"http:\/\/rurallascolonias.com.ar\/index.php?rest_route=%2Fwp%2Fv2%2Fcategories&post=3250"},{"taxonomy":"post_tag","embeddable":true,"href":"http:\/\/rurallascolonias.com.ar\/index.php?rest_route=%2Fwp%2Fv2%2Ftags&post=3250"}],"curies":[{"name":"wp","href":"https:\/\/api.w.org\/{rel}","templated":true}]}}