{"id":3222,"date":"2014-07-11T11:25:21","date_gmt":"2014-07-11T11:25:21","guid":{"rendered":"http:\/\/rurallascolonias.com.ar\/?p=3222"},"modified":"2014-07-11T11:25:21","modified_gmt":"2014-07-11T11:25:21","slug":"rechazo-a-la-intromision-de-la-cnv","status":"publish","type":"post","link":"http:\/\/rurallascolonias.com.ar\/?p=3222","title":{"rendered":"Rechazo a la intromisi\u00f3n de la CNV"},"content":{"rendered":"<p><em><strong><a href=\"http:\/\/rurallascolonias.com.ar\/wp-content\/uploads\/2014\/07\/Gareto.jpg\"><img loading=\"lazy\" class=\"alignleft wp-image-3223 size-medium\" src=\"http:\/\/rurallascolonias.com.ar\/wp-content\/uploads\/2014\/07\/Gareto-300x155.jpg\" alt=\"Gareto\" width=\"300\" height=\"155\" srcset=\"http:\/\/rurallascolonias.com.ar\/wp-content\/uploads\/2014\/07\/Gareto-300x155.jpg 300w, http:\/\/rurallascolonias.com.ar\/wp-content\/uploads\/2014\/07\/Gareto-600x310.jpg 600w, http:\/\/rurallascolonias.com.ar\/wp-content\/uploads\/2014\/07\/Gareto-624x322.jpg 624w, http:\/\/rurallascolonias.com.ar\/wp-content\/uploads\/2014\/07\/Gareto.jpg 648w\" sizes=\"(max-width: 300px) 100vw, 300px\" \/><\/a>COMERCIALIZACI\u00d3N<\/strong><\/em><\/p>\n<p><span style=\"color: #333333;\">Carlos Garetto rechaz\u00f3 la intromisi\u00f3n de la Comisi\u00f3n Nacional de Valores (CNV) en el mercado de granos<\/span><!--more--><\/p>\n<div class=\"vsmcontent\" style=\"color: #333333;\">\n<p style=\"color: #333333;\"><b>La Confederaci\u00f3n Intercooperativa Agropecuaria (Coninagro) ratific\u00f3 su \u201ctotal acuerdo en busca de la transparencia de precios en los mercados de granos\u201d<\/b>.<\/p>\n<p><b>Sin embargo, la entidad cooperativa que preside Carlos Garetto rechaz\u00f3 la intromisi\u00f3n de la Comisi\u00f3n Nacional de Valores (CNV) en el mercado de granos.<\/b>\u00a0As\u00ed se lo hizo saber al Ministerio de Agricultura, mediante una carta enviada el martes al secretario de Agricultura, Gabriel Delgado, se inform\u00f3 en un comunicado de prensa.<\/p>\n<p>En esa nota, la entidad que nuclea a las cooperativas del agro, sostiene que\u00a0<b>\u201cresulta excesivo que un productor, comprador final de la mercader\u00eda, est\u00e9 alcanzado por la ley del mercado de capitales con el \u00fanico fin de ser registrado por la CNV. No parece correcto que el registro que lleva el Ministerio de Agricultura pudiera ser quitado o supervisado por otro organismo que no puede fundamentar t\u00e9cnicamente por qu\u00e9 quiere dicha funci\u00f3n\u201d.<br \/>\n<\/b><b><br \/>\n<\/b>El rechazo a la intromisi\u00f3n de la CNV en el mercado de granos es casi mayoritario:\u00a0<b>se oponen las entidades rurales, exportadores, acopiadores, bolsas de cereales y las cooperativas ACA y AFA.<\/b><\/p>\n<p style=\"color: #333333;\">\n<p style=\"color: #333333;\">\n<\/div>\n<div class=\"copyright\" style=\"color: #333333;\">\n<div class=\"author\">La Voz del Campo<\/div>\n<\/div>\n","protected":false},"excerpt":{"rendered":"<p>COMERCIALIZACI\u00d3N Carlos Garetto rechaz\u00f3 la intromisi\u00f3n de la Comisi\u00f3n Nacional de Valores (CNV) en el mercado de granos<\/p>\n","protected":false},"author":5,"featured_media":0,"comment_status":"open","ping_status":"open","sticky":false,"template":"","format":"standard","meta":[],"categories":[42],"tags":[907,795,1184,1183,291],"_links":{"self":[{"href":"http:\/\/rurallascolonias.com.ar\/index.php?rest_route=\/wp\/v2\/posts\/3222"}],"collection":[{"href":"http:\/\/rurallascolonias.com.ar\/index.php?rest_route=\/wp\/v2\/posts"}],"about":[{"href":"http:\/\/rurallascolonias.com.ar\/index.php?rest_route=\/wp\/v2\/types\/post"}],"author":[{"embeddable":true,"href":"http:\/\/rurallascolonias.com.ar\/index.php?rest_route=\/wp\/v2\/users\/5"}],"replies":[{"embeddable":true,"href":"http:\/\/rurallascolonias.com.ar\/index.php?rest_route=%2Fwp%2Fv2%2Fcomments&post=3222"}],"version-history":[{"count":1,"href":"http:\/\/rurallascolonias.com.ar\/index.php?rest_route=\/wp\/v2\/posts\/3222\/revisions"}],"predecessor-version":[{"id":3224,"href":"http:\/\/rurallascolonias.com.ar\/index.php?rest_route=\/wp\/v2\/posts\/3222\/revisions\/3224"}],"wp:attachment":[{"href":"http:\/\/rurallascolonias.com.ar\/index.php?rest_route=%2Fwp%2Fv2%2Fmedia&parent=3222"}],"wp:term":[{"taxonomy":"category","embeddable":true,"href":"http:\/\/rurallascolonias.com.ar\/index.php?rest_route=%2Fwp%2Fv2%2Fcategories&post=3222"},{"taxonomy":"post_tag","embeddable":true,"href":"http:\/\/rurallascolonias.com.ar\/index.php?rest_route=%2Fwp%2Fv2%2Ftags&post=3222"}],"curies":[{"name":"wp","href":"https:\/\/api.w.org\/{rel}","templated":true}]}}