{"id":3219,"date":"2014-07-10T17:01:03","date_gmt":"2014-07-10T17:01:03","guid":{"rendered":"http:\/\/rurallascolonias.com.ar\/?p=3219"},"modified":"2014-07-10T17:01:03","modified_gmt":"2014-07-10T17:01:03","slug":"el-pico-del-parana-seria-de-515-metros-y-llegaria-el-31-de-julio","status":"publish","type":"post","link":"http:\/\/rurallascolonias.com.ar\/?p=3219","title":{"rendered":"El pico del Paran\u00e1 ser\u00eda de 5,15 metros y llegar\u00eda el 31 de julio"},"content":{"rendered":"<p><strong><em><a href=\"http:\/\/rurallascolonias.com.ar\/wp-content\/uploads\/2014\/07\/crecida-del-Paran\u00e1-2.jpg\"><img loading=\"lazy\" class=\"aligncenter size-full wp-image-3220\" src=\"http:\/\/rurallascolonias.com.ar\/wp-content\/uploads\/2014\/07\/crecida-del-Paran\u00e1-2.jpg\" alt=\"crecida del Paran\u00e1 2\" width=\"302\" height=\"167\" srcset=\"http:\/\/rurallascolonias.com.ar\/wp-content\/uploads\/2014\/07\/crecida-del-Paran\u00e1-2.jpg 302w, http:\/\/rurallascolonias.com.ar\/wp-content\/uploads\/2014\/07\/crecida-del-Paran\u00e1-2-300x165.jpg 300w\" sizes=\"(max-width: 302px) 100vw, 302px\" \/><\/a>NUEVAS PROYECCIONES<\/em><\/strong><\/p>\n<p><span style=\"font-weight: bold; color: #50505a;\">Hoy, el r\u00edo marc\u00f3 5,08 metros en el Puerto de Santa Fe. Creci\u00f3 3 cm en las \u00faltimas horas.<\/span><!--more--><\/p>\n<p><span style=\"color: #50505a;\">El\u00a0 Instituto Nacional del Agua comunic\u00f3 que para el pr\u00f3ximo 31 de julio se aguarda en Santa Fe un pico m\u00e1ximo estimado en 5,15 metros. En tanto para el 15 de julio pr\u00f3ximo, el r\u00edo llegar\u00eda a los 5,09 metros. Hoy el r\u00edo Paran\u00e1 en el puerto de Santa Fe seg\u00fan datos del Instituto Nacional del Agua y Prefectura Naval Argentina tiene una altura de 5,08 m, creci\u00f3 3 cm en las \u00faltimas horas.\u00a0<\/span><br style=\"color: #50505a;\" \/><br style=\"color: #50505a;\" \/><span style=\"color: #50505a;\">Por el momento diez familias de la zona ribere\u00f1a de la ciudad fueron evacuadas por la crecida del cauce. Las autoridades locales estiman que el r\u00edo seguir\u00e1 en suba en los pr\u00f3ximos d\u00edas, por lo cual personal de la municipalidad monitorea el sistema de defensas y las estaciones de bombeo. Por su parte el R\u00edo Iguaz\u00fa en Iguaz\u00fa mide 14,20 metros baj\u00f3 20 cent\u00edmetros.<\/span><\/p>\n<p>fuente: t10digital<\/p>\n","protected":false},"excerpt":{"rendered":"<p>NUEVAS PROYECCIONES Hoy, el r\u00edo marc\u00f3 5,08 metros en el Puerto de Santa Fe. Creci\u00f3 3 cm en las \u00faltimas horas.<\/p>\n","protected":false},"author":5,"featured_media":0,"comment_status":"open","ping_status":"open","sticky":false,"template":"","format":"standard","meta":[],"categories":[42],"tags":[1075,1076],"_links":{"self":[{"href":"http:\/\/rurallascolonias.com.ar\/index.php?rest_route=\/wp\/v2\/posts\/3219"}],"collection":[{"href":"http:\/\/rurallascolonias.com.ar\/index.php?rest_route=\/wp\/v2\/posts"}],"about":[{"href":"http:\/\/rurallascolonias.com.ar\/index.php?rest_route=\/wp\/v2\/types\/post"}],"author":[{"embeddable":true,"href":"http:\/\/rurallascolonias.com.ar\/index.php?rest_route=\/wp\/v2\/users\/5"}],"replies":[{"embeddable":true,"href":"http:\/\/rurallascolonias.com.ar\/index.php?rest_route=%2Fwp%2Fv2%2Fcomments&post=3219"}],"version-history":[{"count":1,"href":"http:\/\/rurallascolonias.com.ar\/index.php?rest_route=\/wp\/v2\/posts\/3219\/revisions"}],"predecessor-version":[{"id":3221,"href":"http:\/\/rurallascolonias.com.ar\/index.php?rest_route=\/wp\/v2\/posts\/3219\/revisions\/3221"}],"wp:attachment":[{"href":"http:\/\/rurallascolonias.com.ar\/index.php?rest_route=%2Fwp%2Fv2%2Fmedia&parent=3219"}],"wp:term":[{"taxonomy":"category","embeddable":true,"href":"http:\/\/rurallascolonias.com.ar\/index.php?rest_route=%2Fwp%2Fv2%2Fcategories&post=3219"},{"taxonomy":"post_tag","embeddable":true,"href":"http:\/\/rurallascolonias.com.ar\/index.php?rest_route=%2Fwp%2Fv2%2Ftags&post=3219"}],"curies":[{"name":"wp","href":"https:\/\/api.w.org\/{rel}","templated":true}]}}