{"id":3159,"date":"2014-07-07T11:39:59","date_gmt":"2014-07-07T11:39:59","guid":{"rendered":"http:\/\/rurallascolonias.com.ar\/?p=3159"},"modified":"2014-07-07T11:39:59","modified_gmt":"2014-07-07T11:39:59","slug":"el-parana-llego-a-494-metros-y-supero-los-pronosticos","status":"publish","type":"post","link":"http:\/\/rurallascolonias.com.ar\/?p=3159","title":{"rendered":"El Paran\u00e1 lleg\u00f3 a 4,94 metros y super\u00f3 los pron\u00f3sticos"},"content":{"rendered":"<h2 class=\"texto_15_gris\" style=\"color: #393939;\"><a href=\"http:\/\/rurallascolonias.com.ar\/wp-content\/uploads\/2014\/07\/crecida-del-Paran\u00e1.jpg\"><img loading=\"lazy\" class=\"aligncenter size-full wp-image-3160\" src=\"http:\/\/rurallascolonias.com.ar\/wp-content\/uploads\/2014\/07\/crecida-del-Paran\u00e1.jpg\" alt=\"crecida del Paran\u00e1\" width=\"306\" height=\"165\" srcset=\"http:\/\/rurallascolonias.com.ar\/wp-content\/uploads\/2014\/07\/crecida-del-Paran\u00e1.jpg 306w, http:\/\/rurallascolonias.com.ar\/wp-content\/uploads\/2014\/07\/crecida-del-Paran\u00e1-300x161.jpg 300w\" sizes=\"(max-width: 306px) 100vw, 306px\" \/><\/a>Seg\u00fan el INA, el Paran\u00e1 alcanzar\u00eda una altura de 4,92 metros el 12 de julio, pero ya super\u00f3 ese n\u00famero y contin\u00faa creciendo. En la ciudad de Santa Fe ya son 10 las familias evacuadas por la creciente. Se contin\u00faa con los operativos especiales de control sobre el anillo de defensas.<\/h2>\n<p><!--more--><\/p>\n<p>A las 20 horas del domingo 6 de julio, el Paran\u00e1 en Santa Fe lleg\u00f3 a los 4,94 metros seg\u00fan los datos de Prefectura Naval Argentina, superando as\u00ed los pron\u00f3sticos de Instituto Nacional del Agua que anunciaba una altura del r\u00edo de 4,92 para el 12 de este mes.<\/p>\n<p>Por otro lado, el r\u00edo Salado se encuentra en aumento y ya lleg\u00f3 a los 4,84 metros a la altura de Santo Tom\u00e9.<\/p>\n<p>Sistema de defensas y bombeo<\/p>\n<p>En un nuevo informe del Centro de Operaciones del Gobierno de la Ciudad de Santa Fe indicaron que se contin\u00faa realizando un monitoreo diario del sistema de defensas de la Costa. Tambi\u00e9n se mantienen las tareas de preparaci\u00f3n y activaci\u00f3n de las estaciones de bombeo, cierre de compuertas e instalaci\u00f3n de bombas, de acuerdo a los protocolos de crecida del r\u00edo.<\/p>\n<p>La EPE contin\u00faa con los trabajos para garantizar la provisi\u00f3n de energ\u00eda el\u00e9ctrica en los puntos de bombeo. En tanto, tambi\u00e9n se supervisa el funcionamiento de las estaciones de bombeo y el sistema de defensa del Oeste de la ciudad.<\/p>\n<p>Asistencia social<\/p>\n<p>Hay 7 familias evacuadas de la Vuelta del Paraguayo (14 mayores y 12 menores) y 3 de Colastin\u00e9 Sur (4 mayores y 3 menores), que est\u00e1n alojadas en los m\u00f3dulos dispuestos a tal fin en los terrenos preparados cerca de cada barrio. El Municipio les brinda asistencia social, atenci\u00f3n m\u00e9dica y provisi\u00f3n de agua y alimentos; y ha garantizado tambi\u00e9n el traslado de los ni\u00f1os a sus respectivas escuelas durante la semana. Adem\u00e1s, los refugios cuentan con un dispositivo especial de seguridad.<\/p>\n<p>Medidas adicionales<\/p>\n<p>Se contin\u00faa con los operativos especiales de control sobre el anillo de defensas.<\/p>\n<p>Recomendaciones<\/p>\n<p>Se solicita a los vecinos la colaboraci\u00f3n a trav\u00e9s de las siguientes acciones: extremar las medidas de disposici\u00f3n de la basura y denunciar situaciones irregulares o infracciones observadas en la zona de defensas. Se recuerda que est\u00e1 prohibido circular veh\u00edculos por sobre los terraplenes de defensa, as\u00ed como extraer arena, piedra o tierra de los terraplenes. Tampoco est\u00e1 permitido arrojar basura en los canales o en las defensas, ni la quema de pasturas o ramas.<\/p>\n<p>Adem\u00e1s, se recuerda que ante la crecida del r\u00edo deben extremarse las precauciones en la zona de la costa, ante el desplazamiento de ofidios o roedores de sus lugares naturales. En caso de accidentes, mordeduras o s\u00edntomas sospechosos de enfermedades, se debe consultar al m\u00e9dico.<\/p>\n<p><em>Fuente:\u00a0<\/em><strong>SM<\/strong><\/p>\n<p>&nbsp;<\/p>\n","protected":false},"excerpt":{"rendered":"<p>Seg\u00fan el INA, el Paran\u00e1 alcanzar\u00eda una altura de 4,92 metros el 12 de julio, pero ya super\u00f3 ese n\u00famero y contin\u00faa creciendo. En la ciudad de Santa Fe ya son 10 las familias evacuadas por la creciente. Se contin\u00faa con los operativos especiales de control sobre el anillo de defensas.<\/p>\n","protected":false},"author":5,"featured_media":0,"comment_status":"open","ping_status":"open","sticky":false,"template":"","format":"standard","meta":[],"categories":[42],"tags":[1075],"_links":{"self":[{"href":"http:\/\/rurallascolonias.com.ar\/index.php?rest_route=\/wp\/v2\/posts\/3159"}],"collection":[{"href":"http:\/\/rurallascolonias.com.ar\/index.php?rest_route=\/wp\/v2\/posts"}],"about":[{"href":"http:\/\/rurallascolonias.com.ar\/index.php?rest_route=\/wp\/v2\/types\/post"}],"author":[{"embeddable":true,"href":"http:\/\/rurallascolonias.com.ar\/index.php?rest_route=\/wp\/v2\/users\/5"}],"replies":[{"embeddable":true,"href":"http:\/\/rurallascolonias.com.ar\/index.php?rest_route=%2Fwp%2Fv2%2Fcomments&post=3159"}],"version-history":[{"count":1,"href":"http:\/\/rurallascolonias.com.ar\/index.php?rest_route=\/wp\/v2\/posts\/3159\/revisions"}],"predecessor-version":[{"id":3161,"href":"http:\/\/rurallascolonias.com.ar\/index.php?rest_route=\/wp\/v2\/posts\/3159\/revisions\/3161"}],"wp:attachment":[{"href":"http:\/\/rurallascolonias.com.ar\/index.php?rest_route=%2Fwp%2Fv2%2Fmedia&parent=3159"}],"wp:term":[{"taxonomy":"category","embeddable":true,"href":"http:\/\/rurallascolonias.com.ar\/index.php?rest_route=%2Fwp%2Fv2%2Fcategories&post=3159"},{"taxonomy":"post_tag","embeddable":true,"href":"http:\/\/rurallascolonias.com.ar\/index.php?rest_route=%2Fwp%2Fv2%2Ftags&post=3159"}],"curies":[{"name":"wp","href":"https:\/\/api.w.org\/{rel}","templated":true}]}}