{"id":3151,"date":"2014-07-06T22:12:09","date_gmt":"2014-07-06T22:12:09","guid":{"rendered":"http:\/\/rurallascolonias.com.ar\/?p=3151"},"modified":"2014-07-06T22:12:09","modified_gmt":"2014-07-06T22:12:09","slug":"provincias-tamberas-preocupadas-por-el-precio-de-la-leche","status":"publish","type":"post","link":"http:\/\/rurallascolonias.com.ar\/?p=3151","title":{"rendered":"Provincias tamberas preocupadas por el precio de la leche"},"content":{"rendered":"<p><span style=\"color: #666666;\"><a href=\"http:\/\/rurallascolonias.com.ar\/wp-content\/uploads\/2014\/06\/cadena-l\u00e1ctea.jpg\"><img loading=\"lazy\" class=\"aligncenter size-full wp-image-2815\" src=\"http:\/\/rurallascolonias.com.ar\/wp-content\/uploads\/2014\/06\/cadena-l\u00e1ctea.jpg\" alt=\"cadena l\u00e1ctea\" width=\"259\" height=\"194\" \/><\/a>Ante la orden de Augusto Costa, Secretario de Comercio, de congelar el valor que cobran las industrias los ministros de agricultura de C\u00f3rdoba, Santa Fe y Buenos Aires le enviar\u00e1n la pr\u00f3xima semana al funcionario una nota para abordar la situaci\u00f3n del sector<\/span><!--more--><\/p>\n<p style=\"color: #222222;\">La intervenci\u00f3n de Carlos Fascendini, ministro de la Producci\u00f3n de Santa Fe; Juli\u00e1n Mar\u00eda L\u00f3pez, ministro de Agricultura de C\u00f3rdoba, y de Alejandro \u00abTopo\u00bb Rodr\u00edguez, ministro de Asuntos Agrarios de Buenos Aires, es relevante por lo que implican las tres provincias. Juntas concentran el 92% de la producci\u00f3n lechera del pa\u00eds. Pero hoy sus tamberos est\u00e1n con un fuerte malestar por la instrucci\u00f3n de Costa al sector industrial para que no les paguen m\u00e1s de $ 3 el litro.<\/p>\n<p style=\"color: #222222;\">Los tamberos intentaron primero que el Ministerio de Agricultura de la Naci\u00f3n intercediera ante Comercio por el freno en el precio. Sin respuestas, luego recurrieron a los ministros provinciales.<\/p>\n<p style=\"color: #222222;\">\u00abLa nota va a ir al secretario de Comercio. El motivo es la preocupaci\u00f3n que tenemos por la informaci\u00f3n que nos llega de sectores productivos e industriales por el pago del precio al productor\u00bb, expres\u00f3 Fascendini a La Naci\u00f3n. Fascendini precis\u00f3 que a Costa se le solicitar\u00e1 tambi\u00e9n una audiencia.<\/p>\n<p style=\"color: #222222;\">Por su parte, el ministro de Agricultura de la provincia de C\u00f3rdoba agreg\u00f3: \u00abSe le va a hacer un planteo general por la situaci\u00f3n de la lecher\u00eda\u00bb.<\/p>\n<p style=\"color: #222222;\">L\u00f3pez precis\u00f3 que al funcionario nacional tambi\u00e9n se le comunicar\u00e1n \u00abalgunas dudas con respecto a la informaci\u00f3n vinculada al tema del tope del precio al productor\u00bb.<\/p>\n<p style=\"color: #222222;\">Fuente: Edici\u00f3n Rural<\/p>\n","protected":false},"excerpt":{"rendered":"<p>Ante la orden de Augusto Costa, Secretario de Comercio, de congelar el valor que cobran las industrias los ministros de agricultura de C\u00f3rdoba, Santa Fe y Buenos Aires le enviar\u00e1n la pr\u00f3xima semana al funcionario una nota para abordar la situaci\u00f3n del sector<\/p>\n","protected":false},"author":5,"featured_media":0,"comment_status":"open","ping_status":"open","sticky":false,"template":"","format":"standard","meta":[],"categories":[46],"tags":[566,375,1160],"_links":{"self":[{"href":"http:\/\/rurallascolonias.com.ar\/index.php?rest_route=\/wp\/v2\/posts\/3151"}],"collection":[{"href":"http:\/\/rurallascolonias.com.ar\/index.php?rest_route=\/wp\/v2\/posts"}],"about":[{"href":"http:\/\/rurallascolonias.com.ar\/index.php?rest_route=\/wp\/v2\/types\/post"}],"author":[{"embeddable":true,"href":"http:\/\/rurallascolonias.com.ar\/index.php?rest_route=\/wp\/v2\/users\/5"}],"replies":[{"embeddable":true,"href":"http:\/\/rurallascolonias.com.ar\/index.php?rest_route=%2Fwp%2Fv2%2Fcomments&post=3151"}],"version-history":[{"count":1,"href":"http:\/\/rurallascolonias.com.ar\/index.php?rest_route=\/wp\/v2\/posts\/3151\/revisions"}],"predecessor-version":[{"id":3152,"href":"http:\/\/rurallascolonias.com.ar\/index.php?rest_route=\/wp\/v2\/posts\/3151\/revisions\/3152"}],"wp:attachment":[{"href":"http:\/\/rurallascolonias.com.ar\/index.php?rest_route=%2Fwp%2Fv2%2Fmedia&parent=3151"}],"wp:term":[{"taxonomy":"category","embeddable":true,"href":"http:\/\/rurallascolonias.com.ar\/index.php?rest_route=%2Fwp%2Fv2%2Fcategories&post=3151"},{"taxonomy":"post_tag","embeddable":true,"href":"http:\/\/rurallascolonias.com.ar\/index.php?rest_route=%2Fwp%2Fv2%2Ftags&post=3151"}],"curies":[{"name":"wp","href":"https:\/\/api.w.org\/{rel}","templated":true}]}}