{"id":3135,"date":"2014-07-04T16:23:04","date_gmt":"2014-07-04T16:23:04","guid":{"rendered":"http:\/\/rurallascolonias.com.ar\/?p=3135"},"modified":"2014-07-04T16:23:19","modified_gmt":"2014-07-04T16:23:19","slug":"tomas-bulat-disertara-hoy-viernes-en-la-rural","status":"publish","type":"post","link":"http:\/\/rurallascolonias.com.ar\/?p=3135","title":{"rendered":"Tom\u00e1s Bulat disertar\u00e1 hoy viernes en la Rural"},"content":{"rendered":"<p><span style=\"color: #545454;\"><a href=\"http:\/\/rurallascolonias.com.ar\/wp-content\/uploads\/2014\/07\/BULAT.jpg\"><img loading=\"lazy\" class=\"alignleft size-full wp-image-3136\" src=\"http:\/\/rurallascolonias.com.ar\/wp-content\/uploads\/2014\/07\/BULAT.jpg\" alt=\"BULAT\" width=\"282\" height=\"179\" \/><\/a>Ser\u00e1 hoy 4 de julio en adhesi\u00f3n a la celebraci\u00f3n de los 70 a\u00f1os de la Sociedad Rural Las Colonias. La charla comenzar\u00e1 a las 19 y se titula \u201cRealidad econ\u00f3mica nacional y perspectivas para el agro\u201d. El destacado economista hab\u00eda programado su presencia en la ciudad para mediados de mayo y debi\u00f3 postergar el encuentro a \u00faltimo momento.<\/span><\/p>\n<p>Sociedad Rural de Las Colonias<\/p>\n","protected":false},"excerpt":{"rendered":"<p>Ser\u00e1 hoy 4 de julio en adhesi\u00f3n a la celebraci\u00f3n de los 70 a\u00f1os de la Sociedad Rural Las Colonias. La charla comenzar\u00e1 a las 19 y se titula \u201cRealidad econ\u00f3mica nacional y perspectivas para el agro\u201d. El destacado economista hab\u00eda programado su presencia en la ciudad para mediados de mayo y debi\u00f3 postergar el [&hellip;]<\/p>\n","protected":false},"author":5,"featured_media":0,"comment_status":"open","ping_status":"open","sticky":false,"template":"","format":"standard","meta":[],"categories":[29],"tags":[909],"_links":{"self":[{"href":"http:\/\/rurallascolonias.com.ar\/index.php?rest_route=\/wp\/v2\/posts\/3135"}],"collection":[{"href":"http:\/\/rurallascolonias.com.ar\/index.php?rest_route=\/wp\/v2\/posts"}],"about":[{"href":"http:\/\/rurallascolonias.com.ar\/index.php?rest_route=\/wp\/v2\/types\/post"}],"author":[{"embeddable":true,"href":"http:\/\/rurallascolonias.com.ar\/index.php?rest_route=\/wp\/v2\/users\/5"}],"replies":[{"embeddable":true,"href":"http:\/\/rurallascolonias.com.ar\/index.php?rest_route=%2Fwp%2Fv2%2Fcomments&post=3135"}],"version-history":[{"count":2,"href":"http:\/\/rurallascolonias.com.ar\/index.php?rest_route=\/wp\/v2\/posts\/3135\/revisions"}],"predecessor-version":[{"id":3138,"href":"http:\/\/rurallascolonias.com.ar\/index.php?rest_route=\/wp\/v2\/posts\/3135\/revisions\/3138"}],"wp:attachment":[{"href":"http:\/\/rurallascolonias.com.ar\/index.php?rest_route=%2Fwp%2Fv2%2Fmedia&parent=3135"}],"wp:term":[{"taxonomy":"category","embeddable":true,"href":"http:\/\/rurallascolonias.com.ar\/index.php?rest_route=%2Fwp%2Fv2%2Fcategories&post=3135"},{"taxonomy":"post_tag","embeddable":true,"href":"http:\/\/rurallascolonias.com.ar\/index.php?rest_route=%2Fwp%2Fv2%2Ftags&post=3135"}],"curies":[{"name":"wp","href":"https:\/\/api.w.org\/{rel}","templated":true}]}}