{"id":3132,"date":"2014-07-04T16:19:44","date_gmt":"2014-07-04T16:19:44","guid":{"rendered":"http:\/\/rurallascolonias.com.ar\/?p=3132"},"modified":"2014-07-04T16:19:44","modified_gmt":"2014-07-04T16:19:44","slug":"se-viene-la-lluvia","status":"publish","type":"post","link":"http:\/\/rurallascolonias.com.ar\/?p=3132","title":{"rendered":"Se viene la lluvia"},"content":{"rendered":"<h2 class=\"texto_15_gris\" style=\"color: #393939;\"><a href=\"http:\/\/rurallascolonias.com.ar\/wp-content\/uploads\/2014\/07\/lluvia.jpg\"><img loading=\"lazy\" class=\"aligncenter size-full wp-image-3133\" src=\"http:\/\/rurallascolonias.com.ar\/wp-content\/uploads\/2014\/07\/lluvia.jpg\" alt=\"lluvia\" width=\"299\" height=\"168\" \/><\/a>El Servicio Meteorol\u00f3gico Nacional pronostic\u00f3 la llegada de lluvias por la tarde\/noche, las que se extender\u00edan hasta ma\u00f1ana. Anuncian abundante ca\u00edda de agua en cortos periodos de tiempo.<\/h2>\n<p><!--more--><\/p>\n<p>&nbsp;<\/p>\n<p><span style=\"color: #393939;\">El Servicio Meteorol\u00f3gico Nacional pronostica un viernes con neblina y bancos de niebla por la ma\u00f1ana. En tanto que la para la tarde-noche se anuncia cielo nublado, probabilidad de lluvias aisladas y vientos del sector este.\u00a0<\/span><br style=\"color: #393939;\" \/><span style=\"color: #393939;\">La temperatura m\u00ednima ser\u00e1 de 5 grados y la m\u00e1xima 21.<\/span><\/p>\n<p>Fuente: SM<\/p>\n","protected":false},"excerpt":{"rendered":"<p>El Servicio Meteorol\u00f3gico Nacional pronostic\u00f3 la llegada de lluvias por la tarde\/noche, las que se extender\u00edan hasta ma\u00f1ana. Anuncian abundante ca\u00edda de agua en cortos periodos de tiempo.<\/p>\n","protected":false},"author":5,"featured_media":0,"comment_status":"open","ping_status":"open","sticky":false,"template":"","format":"standard","meta":[],"categories":[40],"tags":[19],"_links":{"self":[{"href":"http:\/\/rurallascolonias.com.ar\/index.php?rest_route=\/wp\/v2\/posts\/3132"}],"collection":[{"href":"http:\/\/rurallascolonias.com.ar\/index.php?rest_route=\/wp\/v2\/posts"}],"about":[{"href":"http:\/\/rurallascolonias.com.ar\/index.php?rest_route=\/wp\/v2\/types\/post"}],"author":[{"embeddable":true,"href":"http:\/\/rurallascolonias.com.ar\/index.php?rest_route=\/wp\/v2\/users\/5"}],"replies":[{"embeddable":true,"href":"http:\/\/rurallascolonias.com.ar\/index.php?rest_route=%2Fwp%2Fv2%2Fcomments&post=3132"}],"version-history":[{"count":1,"href":"http:\/\/rurallascolonias.com.ar\/index.php?rest_route=\/wp\/v2\/posts\/3132\/revisions"}],"predecessor-version":[{"id":3134,"href":"http:\/\/rurallascolonias.com.ar\/index.php?rest_route=\/wp\/v2\/posts\/3132\/revisions\/3134"}],"wp:attachment":[{"href":"http:\/\/rurallascolonias.com.ar\/index.php?rest_route=%2Fwp%2Fv2%2Fmedia&parent=3132"}],"wp:term":[{"taxonomy":"category","embeddable":true,"href":"http:\/\/rurallascolonias.com.ar\/index.php?rest_route=%2Fwp%2Fv2%2Fcategories&post=3132"},{"taxonomy":"post_tag","embeddable":true,"href":"http:\/\/rurallascolonias.com.ar\/index.php?rest_route=%2Fwp%2Fv2%2Ftags&post=3132"}],"curies":[{"name":"wp","href":"https:\/\/api.w.org\/{rel}","templated":true}]}}