{"id":3122,"date":"2014-07-03T16:52:30","date_gmt":"2014-07-03T16:52:30","guid":{"rendered":"http:\/\/rurallascolonias.com.ar\/?p=3122"},"modified":"2014-07-03T16:52:30","modified_gmt":"2014-07-03T16:52:30","slug":"manana-bulat-en-esperanza","status":"publish","type":"post","link":"http:\/\/rurallascolonias.com.ar\/?p=3122","title":{"rendered":"MA\u00d1ANA BULAT EN ESPERANZA"},"content":{"rendered":"<p><em><strong>Disertar\u00e1 en la Sociedad Rural de Las Colonias acerca de la econom\u00eda a nivel nacional y se referir\u00e1 sobre las perspectivas para el Agro.<\/strong><\/em><\/p>\n<p><a href=\"http:\/\/rurallascolonias.com.ar\/wp-content\/uploads\/2014\/07\/Charla-Tomas-Bulat-4-7-14-1.jpg\"><img loading=\"lazy\" class=\"alignleft size-full wp-image-3123\" src=\"http:\/\/rurallascolonias.com.ar\/wp-content\/uploads\/2014\/07\/Charla-Tomas-Bulat-4-7-14-1.jpg\" alt=\"Charla Tomas Bulat 4-7-14 (1)\" width=\"636\" height=\"899\" srcset=\"http:\/\/rurallascolonias.com.ar\/wp-content\/uploads\/2014\/07\/Charla-Tomas-Bulat-4-7-14-1.jpg 636w, http:\/\/rurallascolonias.com.ar\/wp-content\/uploads\/2014\/07\/Charla-Tomas-Bulat-4-7-14-1-212x300.jpg 212w, http:\/\/rurallascolonias.com.ar\/wp-content\/uploads\/2014\/07\/Charla-Tomas-Bulat-4-7-14-1-600x848.jpg 600w, http:\/\/rurallascolonias.com.ar\/wp-content\/uploads\/2014\/07\/Charla-Tomas-Bulat-4-7-14-1-624x882.jpg 624w\" sizes=\"(max-width: 636px) 100vw, 636px\" \/><\/a><\/p>\n","protected":false},"excerpt":{"rendered":"<p>Disertar\u00e1 en la Sociedad Rural de Las Colonias acerca de la econom\u00eda a nivel nacional y se referir\u00e1 sobre las perspectivas para el Agro.<\/p>\n","protected":false},"author":5,"featured_media":0,"comment_status":"open","ping_status":"open","sticky":false,"template":"","format":"standard","meta":[],"categories":[29],"tags":[909],"_links":{"self":[{"href":"http:\/\/rurallascolonias.com.ar\/index.php?rest_route=\/wp\/v2\/posts\/3122"}],"collection":[{"href":"http:\/\/rurallascolonias.com.ar\/index.php?rest_route=\/wp\/v2\/posts"}],"about":[{"href":"http:\/\/rurallascolonias.com.ar\/index.php?rest_route=\/wp\/v2\/types\/post"}],"author":[{"embeddable":true,"href":"http:\/\/rurallascolonias.com.ar\/index.php?rest_route=\/wp\/v2\/users\/5"}],"replies":[{"embeddable":true,"href":"http:\/\/rurallascolonias.com.ar\/index.php?rest_route=%2Fwp%2Fv2%2Fcomments&post=3122"}],"version-history":[{"count":1,"href":"http:\/\/rurallascolonias.com.ar\/index.php?rest_route=\/wp\/v2\/posts\/3122\/revisions"}],"predecessor-version":[{"id":3124,"href":"http:\/\/rurallascolonias.com.ar\/index.php?rest_route=\/wp\/v2\/posts\/3122\/revisions\/3124"}],"wp:attachment":[{"href":"http:\/\/rurallascolonias.com.ar\/index.php?rest_route=%2Fwp%2Fv2%2Fmedia&parent=3122"}],"wp:term":[{"taxonomy":"category","embeddable":true,"href":"http:\/\/rurallascolonias.com.ar\/index.php?rest_route=%2Fwp%2Fv2%2Fcategories&post=3122"},{"taxonomy":"post_tag","embeddable":true,"href":"http:\/\/rurallascolonias.com.ar\/index.php?rest_route=%2Fwp%2Fv2%2Ftags&post=3122"}],"curies":[{"name":"wp","href":"https:\/\/api.w.org\/{rel}","templated":true}]}}