{"id":3113,"date":"2014-07-03T16:36:42","date_gmt":"2014-07-03T16:36:42","guid":{"rendered":"http:\/\/rurallascolonias.com.ar\/?p=3113"},"modified":"2014-07-03T16:36:42","modified_gmt":"2014-07-03T16:36:42","slug":"todo-listo-para-una-nueva-asamblea-lechera","status":"publish","type":"post","link":"http:\/\/rurallascolonias.com.ar\/?p=3113","title":{"rendered":"TODO LISTO PARA UNA NUEVA ASAMBLEA LECHERA"},"content":{"rendered":"<p><span style=\"color: #000000;\"><a href=\"http:\/\/rurallascolonias.com.ar\/wp-content\/uploads\/2014\/07\/asamblea-lechera.jpg\"><img loading=\"lazy\" class=\"aligncenter size-full wp-image-3114\" src=\"http:\/\/rurallascolonias.com.ar\/wp-content\/uploads\/2014\/07\/asamblea-lechera.jpg\" alt=\"asamblea lechera\" width=\"338\" height=\"149\" srcset=\"http:\/\/rurallascolonias.com.ar\/wp-content\/uploads\/2014\/07\/asamblea-lechera.jpg 338w, http:\/\/rurallascolonias.com.ar\/wp-content\/uploads\/2014\/07\/asamblea-lechera-300x132.jpg 300w\" sizes=\"(max-width: 338px) 100vw, 338px\" \/><\/a>La convocatoria es para este lunes pr\u00f3ximo en la Sociedad Rural de Sunchales. <\/span><!--more--><\/p>\n<p><span style=\"color: #000000;\">La nueva convocatoria de productores tamberos ser\u00e1 el lunes 7 de julio a las 19 en la localidad de Sunchales, provincia de Santa Fe. Contar\u00e1 con la presencia de intendentes de la cuenca lechera, legisladores provinciales, ministros de la Producci\u00f3n de Buenos Aires y C\u00f3rdoba y referentes de distintas localidades con el fin de analizar la situaci\u00f3n del sector y pedir una audiencia al ministro de Agricultura, Carlos Casamiquela, y al jefe de Gabinete, Jorge Capitanich. La elecci\u00f3n de la vecina ciudad se da por ser un lugar referente en la producci\u00f3n lechera, sede de una de las empresas l\u00e1cteas m\u00e1s importantes del pa\u00eds. Con un verano extremo, una indefinici\u00f3n en el rumbo pol\u00edtico sectorial con medidas constantes que complican la actividad productiva, los tamberos enfrentan \u201cel m\u00e1ximo problema que hist\u00f3ricamente tuviera el productor\u201d, sostiene el presidente de la Sociedad Rural de Rafaela, Dar\u00edo Maina. La convocatoria nace a partir del \u201ccepo al precio\u201d que acepta e impone el Secretario de Comercio Interior, a trav\u00e9s del que no se pueden superar los tres pesos por litro, para evitar subas en las g\u00f3ndolas. \u201cSe hace cada vez m\u00e1s complicado producir\u201d se\u00f1ala Maina, teniendo en cuenta que hay casi un peso de diferencia entre costos y percepciones por litro de leche, en un momento en el que se esperaba un incremento y no un aplastamiento como el de ahora. \u201cLa regi\u00f3n lechera m\u00e1s importante del pa\u00eds se ve afectada por una decisi\u00f3n absurda, inadmisible, y son nuestros representantes pol\u00edticos, que ven c\u00f3mo se deteriora el sector lechero, los que deben presionar, junto con los productores, para que esta medida arbitraria se cambie\u201d, se\u00f1alaron en un comunicado a la prensa dirigentes de la Sociedad Rural de Rafaela. www.on24.com.ar Invitaciones cursadas y expectativa para la asamblea tambera del lunes En la Sociedad Rural de Sunchales, a las 19 horas este 7 de julio los productores se reunir\u00e1n y ante referentes pol\u00edticos debatir\u00e1n su situaci\u00f3n. Los tamberos se alistan para la asamblea del lunes a las 19 horas en la sede de la Sociedad Rural de Sunchales. Derivada del encuentro anterior, propondr\u00e1 adem\u00e1s del debate entre productores, el encuentro con referentes pol\u00edticos de toda la regi\u00f3n, e incluso de la provincia y referentes nacionales, para poder abordar las circunstancias de un precio frenado en no m\u00e1s de tres pesos, en condiciones productivas cr\u00edticas y de aspectos normativos, que influyen sobre todo en el comercio internacional. De todos modos, el \u00e1nimo se convulsion\u00f3 ante el trascendido del pedido que hiciera el Secretario de Comercio Interior a las industrias para que mantengan los pagos de mayo. De la solicitud que le habr\u00eda hecho Mastellone a Augusto Costa se deriv\u00f3 esta situaci\u00f3n de congelamiento, que queda en la nebulosa de las decisiones oficiales, a pesar que el titular de Manfrey haya sido el \u00fanico que sali\u00f3 a negarlo p\u00fablicamente. Cabe recordar que adem\u00e1s de ser estas las primeras horas de la entrada en vigencia de la transparentaci\u00f3n lechera que propone la provincia, lo cual se estima que mejorar\u00e1 las condiciones generales del sector, se lanz\u00f3 la semana anterior con el Nuevo Banco de Santa Fe, una l\u00ednea de cr\u00e9ditos por cien millones de pesos, con una tasa fija nominal anual de 23,15%, sobre la cual la provincia santafesina bonificar\u00e1 5 puntos porcentuales anuales, y el gobierno nacional, a trav\u00e9s del Programa de Asistencia Financiera, otro 5% de la tasa, lo cual se tiene que terminar de confirmar en estas horas, dejando entonces por cubrir el 13,15 por ciento. Esta oportunidad crediticia deber\u00e1 destinarse a activo fijo y\/o capital de trabajo, con un monto m\u00e1ximo que podr\u00e1 solicitarse es de 400.000 pesos y el plazo para su devoluci\u00f3n es de 18 meses, con hasta tres meses de gracia. De todos modos, los productores remarcan que no es momento de cr\u00e9ditos, sino de ayudas directas, ya que son pocos los que hoy pueden afrontar una deuda sin tener siquiera un a\u00f1o de gracia para empezar a pagarla, sobre la base de una merma productiva que ronda el 30 por ciento en el balance de la materia prima. El lunes estar\u00e1 presente el ministro de la Producci\u00f3n, Carlos Fascendini, as\u00ed como representantes de los ministerios pares de C\u00f3rdoba y Buenos Aires, seg\u00fan trascendi\u00f3 en las \u00faltimas horas. <\/span><\/p>\n<p><span style=\"color: #000000;\">Fuente: diariolaopinion.com.ar\u00a0<\/span><\/p>\n","protected":false},"excerpt":{"rendered":"<p>La convocatoria es para este lunes pr\u00f3ximo en la Sociedad Rural de Sunchales.<\/p>\n","protected":false},"author":5,"featured_media":0,"comment_status":"open","ping_status":"open","sticky":false,"template":"","format":"standard","meta":[],"categories":[42,46],"tags":[1154,1153],"_links":{"self":[{"href":"http:\/\/rurallascolonias.com.ar\/index.php?rest_route=\/wp\/v2\/posts\/3113"}],"collection":[{"href":"http:\/\/rurallascolonias.com.ar\/index.php?rest_route=\/wp\/v2\/posts"}],"about":[{"href":"http:\/\/rurallascolonias.com.ar\/index.php?rest_route=\/wp\/v2\/types\/post"}],"author":[{"embeddable":true,"href":"http:\/\/rurallascolonias.com.ar\/index.php?rest_route=\/wp\/v2\/users\/5"}],"replies":[{"embeddable":true,"href":"http:\/\/rurallascolonias.com.ar\/index.php?rest_route=%2Fwp%2Fv2%2Fcomments&post=3113"}],"version-history":[{"count":1,"href":"http:\/\/rurallascolonias.com.ar\/index.php?rest_route=\/wp\/v2\/posts\/3113\/revisions"}],"predecessor-version":[{"id":3115,"href":"http:\/\/rurallascolonias.com.ar\/index.php?rest_route=\/wp\/v2\/posts\/3113\/revisions\/3115"}],"wp:attachment":[{"href":"http:\/\/rurallascolonias.com.ar\/index.php?rest_route=%2Fwp%2Fv2%2Fmedia&parent=3113"}],"wp:term":[{"taxonomy":"category","embeddable":true,"href":"http:\/\/rurallascolonias.com.ar\/index.php?rest_route=%2Fwp%2Fv2%2Fcategories&post=3113"},{"taxonomy":"post_tag","embeddable":true,"href":"http:\/\/rurallascolonias.com.ar\/index.php?rest_route=%2Fwp%2Fv2%2Ftags&post=3113"}],"curies":[{"name":"wp","href":"https:\/\/api.w.org\/{rel}","templated":true}]}}