{"id":3098,"date":"2014-07-02T18:26:33","date_gmt":"2014-07-02T18:26:33","guid":{"rendered":"http:\/\/rurallascolonias.com.ar\/?p=3098"},"modified":"2014-07-02T18:26:33","modified_gmt":"2014-07-02T18:26:33","slug":"santa-fe-el-rio-parana-llego-a-459","status":"publish","type":"post","link":"http:\/\/rurallascolonias.com.ar\/?p=3098","title":{"rendered":"Santa Fe: El R\u00edo Paran\u00e1 lleg\u00f3 a 4,59"},"content":{"rendered":"<p><span style=\"color: #666666;\"><a href=\"http:\/\/rurallascolonias.com.ar\/wp-content\/uploads\/2014\/07\/crecida.jpg\"><img loading=\"lazy\" class=\"aligncenter size-full wp-image-3099\" src=\"http:\/\/rurallascolonias.com.ar\/wp-content\/uploads\/2014\/07\/crecida.jpg\" alt=\"crecida\" width=\"186\" height=\"147\" \/><\/a>El Instituto Nacional del Agua (INA) public\u00f3 un nuevo informe, a partir de las intensas lluvias ocurridas en norte del pa\u00eds, en el cual pronostica que la altura m\u00e1xima ser\u00eda de 4,90 el d\u00eda 17 de julio.<\/span><!--more--><\/p>\n<p style=\"color: #222222;\">Se estima que la crecida se prolongue por m\u00e1s tiempo en nuestra zona, aunque en valores inferiores a los 5 metros.<\/p>\n<p style=\"color: #222222;\">\n<p style=\"color: #222222;\">\u00bb Se contin\u00faa realizando un monitoreo diario del sistema de defensas y se prosigue con las tareas de refuerzo del camino de la Vuelta del Paraguayo y de sectores de Colastin\u00e9 Sur. Adem\u00e1s, se inici\u00f3 el cierre de compuertas en las estaciones de bombeo de la costa del Paran\u00e1 (Alto Verde, El Pozo, Colastin\u00e9 y La Guardia). En tanto, tambi\u00e9n se realiza un monitoreo del r\u00edo Salado, que est\u00e1 recibiendo el caudal de la crecida del Paran\u00e1, con niveles inferiores al alerta\u00bb, indica el institudo en su \u00faltimo informe<\/p>\n<p style=\"color: #222222;\">Y recomienda: \u00abSe solicita a los vecinos la colaboraci\u00f3n a trav\u00e9s de las siguientes acciones: extremar las medidas de disposici\u00f3n de la basura y denunciar situaciones irregulares o infracciones observadas en la zona de defensas. Se recuerda que est\u00e1 prohibido circular veh\u00edculos por sobre los terraplenes de defensa, as\u00ed como extraer arena, piedra o tierra de los terraplenes. Tampoco est\u00e1 permitido arrojar basura en los canales o en las defensas, ni la quema de pasturas o ramas.\u00bb<\/p>\n<p style=\"color: #222222;\">Desde el INA, se recuerda que \u00abante la crecida del r\u00edo deben extremarse las precauciones en la zona de la costa, ante el desplazamiento de ofidios o roedores de sus lugares naturales. En caso de accidentes, mordeduras o s\u00edntomas sospechosos de enfermedades, se debe consultar al m\u00e9dico.\u00bb<\/p>\n<p style=\"color: #222222;\">Fuente: Edici\u00f3n Rural<\/p>\n","protected":false},"excerpt":{"rendered":"<p>El Instituto Nacional del Agua (INA) public\u00f3 un nuevo informe, a partir de las intensas lluvias ocurridas en norte del pa\u00eds, en el cual pronostica que la altura m\u00e1xima ser\u00eda de 4,90 el d\u00eda 17 de julio.<\/p>\n","protected":false},"author":5,"featured_media":0,"comment_status":"open","ping_status":"open","sticky":false,"template":"","format":"standard","meta":[],"categories":[42],"tags":[1036,1037,119],"_links":{"self":[{"href":"http:\/\/rurallascolonias.com.ar\/index.php?rest_route=\/wp\/v2\/posts\/3098"}],"collection":[{"href":"http:\/\/rurallascolonias.com.ar\/index.php?rest_route=\/wp\/v2\/posts"}],"about":[{"href":"http:\/\/rurallascolonias.com.ar\/index.php?rest_route=\/wp\/v2\/types\/post"}],"author":[{"embeddable":true,"href":"http:\/\/rurallascolonias.com.ar\/index.php?rest_route=\/wp\/v2\/users\/5"}],"replies":[{"embeddable":true,"href":"http:\/\/rurallascolonias.com.ar\/index.php?rest_route=%2Fwp%2Fv2%2Fcomments&post=3098"}],"version-history":[{"count":1,"href":"http:\/\/rurallascolonias.com.ar\/index.php?rest_route=\/wp\/v2\/posts\/3098\/revisions"}],"predecessor-version":[{"id":3100,"href":"http:\/\/rurallascolonias.com.ar\/index.php?rest_route=\/wp\/v2\/posts\/3098\/revisions\/3100"}],"wp:attachment":[{"href":"http:\/\/rurallascolonias.com.ar\/index.php?rest_route=%2Fwp%2Fv2%2Fmedia&parent=3098"}],"wp:term":[{"taxonomy":"category","embeddable":true,"href":"http:\/\/rurallascolonias.com.ar\/index.php?rest_route=%2Fwp%2Fv2%2Fcategories&post=3098"},{"taxonomy":"post_tag","embeddable":true,"href":"http:\/\/rurallascolonias.com.ar\/index.php?rest_route=%2Fwp%2Fv2%2Ftags&post=3098"}],"curies":[{"name":"wp","href":"https:\/\/api.w.org\/{rel}","templated":true}]}}