{"id":3095,"date":"2014-07-02T18:23:11","date_gmt":"2014-07-02T18:23:11","guid":{"rendered":"http:\/\/rurallascolonias.com.ar\/?p=3095"},"modified":"2014-07-02T18:23:11","modified_gmt":"2014-07-02T18:23:11","slug":"en-agosto-volvemos-a-la-protesta-agropecuaria","status":"publish","type":"post","link":"http:\/\/rurallascolonias.com.ar\/?p=3095","title":{"rendered":"\u00abEn agosto volvemos a la protesta agropecuaria\u00bb"},"content":{"rendered":"<p><span style=\"color: #333333;\"><em><a href=\"http:\/\/rurallascolonias.com.ar\/wp-content\/uploads\/2014\/07\/BUZZI.jpg\"><img loading=\"lazy\" class=\"alignleft size-full wp-image-3096\" src=\"http:\/\/rurallascolonias.com.ar\/wp-content\/uploads\/2014\/07\/BUZZI.jpg\" alt=\"BUZZI\" width=\"265\" height=\"190\" \/><\/a><\/em>El presidente de la Federaci\u00f3n Agraria, Eduardo Buzzi, adelant\u00f3 que esa entidad se sumar\u00e1 al paro nacional anunciado por Ger\u00f3nimo Venegas<\/span><!--more--><\/p>\n<div class=\"vsmcontent\" style=\"color: #333333;\">\n<p style=\"color: #333333;\"><b>\u00abNo ser\u00eda raro que despu\u00e9s del mundial nos estemos movilizando\u00bb, dijo el titular de la Federaci\u00f3n Agraria, Eduardo Buzzi. \u00abVenimos hablando con los colegas que el sector agropecuario est\u00e1 muy mal\u00bb, agreg\u00f3. De ese modo, la entidad agropecuaria se suma a las jornadas de protesta que anunci\u00f3 Guillermo \u00abMomo\u00bb Venegas para luego del Mundial de F\u00fatbol.<br \/>\n<\/b><b><br \/>\n<\/b>\u201cAnte un escenario donde hay incertidumbre econ\u00f3mica, estancamiento, p\u00e9rdida de puestos de trabajo e inflaci\u00f3n, lo que corresponde es marcar la disconformidad, ejercer el reclamo. Desde enero hasta ac\u00e1 van m\u00e1s de 300 mil puestos de trabajo perdidos, el productor que ya tiene dificultad para sostenerse indemniza su personal y no puede seguir pag\u00e1ndolo. Hoy llegamos a 14 millones de argentinos que no alcanzan a los 6 mil pesos por mes\u201d, afirm\u00f3 en declaraciones radiales.<\/p>\n<p><b>En relaci\u00f3n al conflicto con los Fondos Buitre, se\u00f1al\u00f3: \u201ctoda incertidumbre econ\u00f3mica genera situaciones conflictivas en lo econ\u00f3mico y los productores dicen \u2018no vendo mis granos porque no s\u00e9 qu\u00e9 carajo va a pasar\u00b4\u201d, y agreg\u00f3: \u201centramos en el segundo semestre con d\u00e9ficit fiscal, han dise\u00f1ado una econom\u00eda que frena las exportaciones de trigo, traba a las exportaciones de carne, no genera condiciones normales para importar insumos\u201d.<\/b><\/p>\n<p>\u201cEn los a\u00f1os 2002, 2003, 2004 y 2005, la actividad agropecuaria fue uno de los grandes motores del despegue y crecimiento argentino. Eso hoy dej\u00f3 de existir con toda esta crisis e incertidumbre de lo que va a pasar con los fondos buitre, con los bonistas, todo esto desalienta el panorama econ\u00f3mico y al productor lo perjudica porque deja de vender y cae la cotizaci\u00f3n de sus granos\u201d, detall\u00f3 Buzzi.<\/p>\n<p><b>De esta manera, continu\u00f3: \u201chemos puesto m\u00e1s de 70 mil millones de d\u00f3lares s\u00f3lo de las retenciones, en gran medida la econom\u00eda argentina est\u00e1 vinculada al ingreso de d\u00f3lares. Este veranito signific\u00f3 el ingreso de m\u00e1s de 10 mil millones de d\u00f3lares de soja, a\u00fan as\u00ed, no se recuperaron las reservas del banco central\u201d.<br \/>\n<\/b><b><br \/>\n<\/b>\u201cEn el momento post mundial vamos a estar en problemas porque el productor, en un escenario de incertidumbre, prefiere conservar en lo cual conf\u00eda, como en sus granos, y no va a vender en defensa de lo propio\u201d, asegur\u00f3.<\/p>\n<p>Finalmente, en relaci\u00f3n a la posibilidad de embargo de granos, se\u00f1al\u00f3: \u201cser\u00eda muy dif\u00edcil que se puedan embargar barcos con granos porque son negocios privados, te\u00f3ricamente no deber\u00eda impactar de manera directa. Respecto de la cotizaci\u00f3n del d\u00f3lar, de lo que va a pasar con el mercado, esa incertidumbre es la que influye con precios a la baja. Tenemos precios bajos por un escenario incierto\u201d.<\/p>\n<p style=\"color: #333333;\">\n<\/div>\n<div class=\"copyright\" style=\"color: #333333;\">\n<div class=\"author\">La Pol\u00edtica Online<\/div>\n<\/div>\n","protected":false},"excerpt":{"rendered":"<p>El presidente de la Federaci\u00f3n Agraria, Eduardo Buzzi, adelant\u00f3 que esa entidad se sumar\u00e1 al paro nacional anunciado por Ger\u00f3nimo Venegas<\/p>\n","protected":false},"author":5,"featured_media":0,"comment_status":"open","ping_status":"open","sticky":false,"template":"","format":"standard","meta":[],"categories":[42],"tags":[72,1149,1150],"_links":{"self":[{"href":"http:\/\/rurallascolonias.com.ar\/index.php?rest_route=\/wp\/v2\/posts\/3095"}],"collection":[{"href":"http:\/\/rurallascolonias.com.ar\/index.php?rest_route=\/wp\/v2\/posts"}],"about":[{"href":"http:\/\/rurallascolonias.com.ar\/index.php?rest_route=\/wp\/v2\/types\/post"}],"author":[{"embeddable":true,"href":"http:\/\/rurallascolonias.com.ar\/index.php?rest_route=\/wp\/v2\/users\/5"}],"replies":[{"embeddable":true,"href":"http:\/\/rurallascolonias.com.ar\/index.php?rest_route=%2Fwp%2Fv2%2Fcomments&post=3095"}],"version-history":[{"count":1,"href":"http:\/\/rurallascolonias.com.ar\/index.php?rest_route=\/wp\/v2\/posts\/3095\/revisions"}],"predecessor-version":[{"id":3097,"href":"http:\/\/rurallascolonias.com.ar\/index.php?rest_route=\/wp\/v2\/posts\/3095\/revisions\/3097"}],"wp:attachment":[{"href":"http:\/\/rurallascolonias.com.ar\/index.php?rest_route=%2Fwp%2Fv2%2Fmedia&parent=3095"}],"wp:term":[{"taxonomy":"category","embeddable":true,"href":"http:\/\/rurallascolonias.com.ar\/index.php?rest_route=%2Fwp%2Fv2%2Fcategories&post=3095"},{"taxonomy":"post_tag","embeddable":true,"href":"http:\/\/rurallascolonias.com.ar\/index.php?rest_route=%2Fwp%2Fv2%2Ftags&post=3095"}],"curies":[{"name":"wp","href":"https:\/\/api.w.org\/{rel}","templated":true}]}}