{"id":3073,"date":"2014-07-01T16:11:58","date_gmt":"2014-07-01T16:11:58","guid":{"rendered":"http:\/\/rurallascolonias.com.ar\/?p=3073"},"modified":"2014-07-01T16:11:58","modified_gmt":"2014-07-01T16:11:58","slug":"las-vacas-con-el-agua-al-cuello","status":"publish","type":"post","link":"http:\/\/rurallascolonias.com.ar\/?p=3073","title":{"rendered":"Las vacas, con el agua al cuello"},"content":{"rendered":"<div class=\"description\" style=\"color: #333333;\"><a href=\"http:\/\/rurallascolonias.com.ar\/wp-content\/uploads\/2014\/07\/evacu\u00e1n-vacas.jpg\"><img loading=\"lazy\" class=\"aligncenter size-full wp-image-3074\" src=\"http:\/\/rurallascolonias.com.ar\/wp-content\/uploads\/2014\/07\/evacu\u00e1n-vacas.jpg\" alt=\"evacu\u00e1n vacas\" width=\"300\" height=\"200\" \/><\/a>Por la crecida del Paran\u00e1, en Santa Fe y Entre R\u00edos se est\u00e1n evacuando cerca de un mill\u00f3n de cabezas que se cr\u00edan en la zona de islas. En algunas zonas faltan \u201cbarcazas-jaula\u201d.<\/div>\n<p><!--more--><\/p>\n<div class=\"authorinfo\" style=\"color: #333333;\"><\/div>\n<div class=\"vsmcontent\" style=\"color: #333333;\">\n<p align=\"justify\">\u00a0Hace diez d\u00edas, la fuerte crecida del r\u00edo Iguaz\u00fa en el sur de Brasil y en el norte de Misiones dispar\u00f3 el alerta en la cuenca del r\u00edo Paran\u00e1. Los productores ganaderos de la zona de islas sab\u00edan que el torrente de agua que desbordaba por las Cataratas del Iguaz\u00fa iba a bajar hacia las provincias del Litoral y obligar a movilizar miles de cabezas que se cr\u00edan en los pastizales y albardones de las islas.<\/p>\n<p>Esta semana, la onda de crecida pas\u00f3 por la ciudad de Corrientes y oscil\u00f3 alrededor de los 7,15 metros. Es m\u00e1s de un metro menos que la proyecci\u00f3n inicial que hab\u00eda realizado el Instituto Nacional del Agua (INA) y a partir de la cual se comenzaron a evacuar en forma masiva los rodeos que pastan en las islas de Corrientes, Santa Fe y Entre R\u00edos.<\/p>\n<p>Con este pico de crecida, hay albardones que pueden resistir el paso del agua, pero la mayor\u00eda de los productores no se pueden arriesgar.<\/p>\n<p>\u201cNosotros sacamos unos 2.000 animales con barcos jaula. Los primeros d\u00edas, cuando se dispar\u00f3 el alerta de crecida, est\u00e1bamos como locos\u201d, cont\u00f3 Adolfo Sacchi a Clar\u00edn Rural . Es un productor con mucha experiencia en el manejo de hacienda isle\u00f1a en el norte de Entre R\u00edos (en el Departamento La Paz) y en el sur de Corrientes.<\/p>\n<p>En San Javier, unos 150 kil\u00f3metros al norte de la ciudad de Santa Fe, la log\u00edstica de barcazas est\u00e1 sobrecargada. \u201cEn esta zona hay cuatro o cinco barcos jaula y no alcanzan cuando se producen este tipo de situaci\u00f3n\u201d, asegur\u00f3 el ingeniero Rodolfo Vicino, delegado del Ministerio de la Producci\u00f3n santafesino en esta zona.<\/p>\n<p>En la provincia de Santa Fe hay medio mill\u00f3n de cabezas en las islas, seg\u00fan los datos de la \u00faltima campa\u00f1a de vacunaci\u00f3n del Senasa. El ministerio de la Producci\u00f3n entrerriano estima en una cifra similar la cantidad de animales que se cr\u00edan en este ambiente, que tuvo un fuerte crecimiento en los \u00faltimos a\u00f1os .<\/p>\n<p>La cr\u00eda y el engorde del ganado en las islas creci\u00f3 porque hace varios a\u00f1os que el Paran\u00e1 no registra una crecida importante: hay que retroceder hasta finales de la d\u00e9cada del 90\u2019 para recordar una inundaci\u00f3n cercana a las hist\u00f3ricas y que en el Puerto de Santa Fe alcanz\u00f3 los 7,23 metros. En la tendencia tambi\u00e9n influy\u00f3 la capacidad de adaptaci\u00f3n de las nuevas razas sint\u00e9ticas, como Braford y Brangus, y la expansi\u00f3n de la frontera agr\u00edcola.<\/p>\n<p>Pero en los \u00faltimos a\u00f1os el r\u00edo viene avisando que hay un l\u00edmite para crecer. El a\u00f1o pasado tambi\u00e9n fue necesario evacuar a miles de animales de las islas por un r\u00e1pido repunte del r\u00edo, muy similar al de este a\u00f1o.<\/p>\n<p>En el l\u00edmite entre Corrientes y Entre R\u00edos, Sacchi respira m\u00e1s aliviado. \u201cFueron d\u00edas de mucho trabajo para sacar la hacienda, pero en nuestra zona la log\u00edstica alcanz\u00f3 y tambi\u00e9n baj\u00f3 bastante el pico de la crecida\u201d, destac\u00f3.<\/p>\n<p>Para solucionar las necesidades forrajeras de la hacienda, hay animales que se est\u00e1n llevando a pastar a los lotes en los que hay rastrojos de la cosecha arrocera que termin\u00f3 hace unos meses.<\/p>\n<p>\u201cLa idea es que puedan volver a la isla antes de que arranque una nueva siembra del cultivo, que es muy importante en nuestra zona\u201d, reconoci\u00f3 Sacchi.<\/p>\n<p>Una situaci\u00f3n que est\u00e1 ayudando a los productores es que el oto\u00f1o hasta ahora fue benigno en el Litoral. En el noreste, al menos hasta esta semana, no se hab\u00edan registrado heladas y en los potreros hab\u00eda una buena oferta de las t\u00edpicas pasturas del oto\u00f1o.<\/p>\n<p>Tambi\u00e9n ayuda que en comparaci\u00f3n con el 2013 hay menos animales en las islas. \u201cEl a\u00f1o pasado fue traum\u00e1tico para algunos productores que no ten\u00edan tanta experiencia en la producci\u00f3n ganadera en estos ambientes\u201d, opin\u00f3 Sacchi. Es que cuando hay que evacuar la hacienda a las apuradas los costos de flete son significativos.<\/p>\n<p>En el noreste de Santa Fe, los productores tambi\u00e9n andan a las corridas para sacar las vacas. \u201cYa evacuamos unos 400 animales esta semana y el fin de semana nos vamos a llevar 300 cabezas m\u00e1s. Como la crecida no va a ser tan elevada vamos a dejar 200 animales en un albard\u00f3n alto de la isla\u201d, cont\u00f3 Javier Villaggi, un productor ganadero de la zona de islas de Arroyo Leyes, a unos 15 kil\u00f3metros de la ciudad de Santa Fe. La mayor parte del rodeo que Villaggi trae de las islas lo va a vender, para no asumir costos adicionales.<\/p>\n<p>En esta zona de la costa santafesina, los productores m\u00e1s chicos intentar\u00e1n \u201caguantar\u201d con los rodeos en las banquinas o campos peque\u00f1os y los encierran de noche en corrales. Por eso el gobierno santafesino advirti\u00f3 que hay que circular con precauci\u00f3n en las rutas cercanas al r\u00edo.<\/p>\n<p>Es que hay muchos ganaderos que no tienen la espalda financiera para bancar el flete a potreros alejados de su zona y, adem\u00e1s, tienen la expectativa de que como la onda de crecida es corta tal vez puedan volver en una semanas a los pastizales de las islas. \u201cEl problema es que cuando hay crecida en la costa santafesina los campos no abundan\u201d, reconoci\u00f3 Vicino.<\/p>\n<p>Se espera que el pico de la crecida llegue al centro de Santa Fe y Entre R\u00edos alrededor del 10 de julio, pronostica el INA, pero el fin de semana que viene ya va a afectar las islas cercanas a La Paz y unos d\u00edas m\u00e1s tarde a la zona de Reconquista, en el norte santafesino.<\/p>\n<p><strong>Guias y corrales m\u00f3viles<\/strong><\/p>\n<p>El Ministerio de la Producci\u00f3n de Entre R\u00edos estima que unos 583.000 novillos y vacas deber\u00e1n ser evacuados de las islas entrerrianas por la crecida del Paran\u00e1.<\/p>\n<p>Los animales se encuentran en las islas que posee Entre R\u00edos desde el departamento La Paz, en el l\u00edmite con Corrientes, hasta las Islas del Ibicuy, en el delta entrerriano.<\/p>\n<p>Para facilitar el traslado de la hacienda, el gobierno entrerriano puso esta semana en vigencia un moderno sistema de gu\u00edas electr\u00f3nicas. \u201cEste sistema significa un gran avance porque permitir\u00e1 simplificar y agilizar los tr\u00e1mites para el productor, ahorrar dinero al gobierno provincial y mejorar el seguimiento del movimiento del rodeo\u201c, afirm\u00f3 el ministro de la Producci\u00f3n entrerriano, Roberto Schunk.<\/p>\n<p>Entre R\u00edos es la segunda provincia del pa\u00eds en implementar este tipo de instrumento electr\u00f3nico que permitir\u00e1 un ahorro en tiempo y costos al productor. Se puede consultar en la p\u00e1gina web: www.entrerios.gov.ar\/minpro. El gobierno entrerriano tambi\u00e9n puso a disposici\u00f3n los corrales m\u00f3viles que se est\u00e1n colocando en la costa.<\/p>\n<p>Los novillos que cruzan los arroyos<\/p>\n<p>El manejo ganadero en la zona de islas es muy desafiante cuando hay crecida y el r\u00edo comienza a subir cada d\u00eda.<\/p>\n<p>Los productores que llevan a\u00f1os en el negocio, y que tienen mayor escala, tienen sus propios barcos jaula para movilizar sus rodeos, lo que simplifica la log\u00edstica. Pero hay muchos productores que arrean los novillos y las vacas a nado por los sectores m\u00e1s bajos de los arroyos de la zona de islas.<\/p>\n<p>\u201cHay novillos que saben vadear y cruzar los arroyos y el restos de los animales los siguen para llegar a los potreros m\u00e1s altos\u201d, destac\u00f3 Javier Villaggi, productor ganadero en la zona de islas cercana a Arroyo Leyes (muy cerca de la ciudad de Santa Fe).<\/p>\n<p>Durante esta semana, en las localidades de la costa santafesina, por ejemplo entre Santa Rosa de Calchines y Cayast\u00e1, fue muy intenso el movimiento de barcazas jaula y el de lanchas de productores que guiaban a sus rodeos a los ampos m\u00e1s elevados. La demanda de campos es muy alta.<\/p>\n<p align=\"justify\">Fuente:\u00a0<a title=\"Clarin Rural\" href=\"http:\/\/www.clarinrural.com.ar\/\">Clarin Rural<\/a><\/p>\n<\/div>\n","protected":false},"excerpt":{"rendered":"<p>Por la crecida del Paran\u00e1, en Santa Fe y Entre R\u00edos se est\u00e1n evacuando cerca de un mill\u00f3n de cabezas que se cr\u00edan en la zona de islas. En algunas zonas faltan \u201cbarcazas-jaula\u201d.<\/p>\n","protected":false},"author":5,"featured_media":0,"comment_status":"open","ping_status":"open","sticky":false,"template":"","format":"standard","meta":[],"categories":[42],"tags":[1045,315],"_links":{"self":[{"href":"http:\/\/rurallascolonias.com.ar\/index.php?rest_route=\/wp\/v2\/posts\/3073"}],"collection":[{"href":"http:\/\/rurallascolonias.com.ar\/index.php?rest_route=\/wp\/v2\/posts"}],"about":[{"href":"http:\/\/rurallascolonias.com.ar\/index.php?rest_route=\/wp\/v2\/types\/post"}],"author":[{"embeddable":true,"href":"http:\/\/rurallascolonias.com.ar\/index.php?rest_route=\/wp\/v2\/users\/5"}],"replies":[{"embeddable":true,"href":"http:\/\/rurallascolonias.com.ar\/index.php?rest_route=%2Fwp%2Fv2%2Fcomments&post=3073"}],"version-history":[{"count":1,"href":"http:\/\/rurallascolonias.com.ar\/index.php?rest_route=\/wp\/v2\/posts\/3073\/revisions"}],"predecessor-version":[{"id":3075,"href":"http:\/\/rurallascolonias.com.ar\/index.php?rest_route=\/wp\/v2\/posts\/3073\/revisions\/3075"}],"wp:attachment":[{"href":"http:\/\/rurallascolonias.com.ar\/index.php?rest_route=%2Fwp%2Fv2%2Fmedia&parent=3073"}],"wp:term":[{"taxonomy":"category","embeddable":true,"href":"http:\/\/rurallascolonias.com.ar\/index.php?rest_route=%2Fwp%2Fv2%2Fcategories&post=3073"},{"taxonomy":"post_tag","embeddable":true,"href":"http:\/\/rurallascolonias.com.ar\/index.php?rest_route=%2Fwp%2Fv2%2Ftags&post=3073"}],"curies":[{"name":"wp","href":"https:\/\/api.w.org\/{rel}","templated":true}]}}