{"id":3067,"date":"2014-07-01T15:55:26","date_gmt":"2014-07-01T15:55:26","guid":{"rendered":"http:\/\/rurallascolonias.com.ar\/?p=3067"},"modified":"2014-07-01T15:55:26","modified_gmt":"2014-07-01T15:55:26","slug":"todo-preparado-para-la-proxima-asamblea-tambera","status":"publish","type":"post","link":"http:\/\/rurallascolonias.com.ar\/?p=3067","title":{"rendered":"Todo preparado para la pr\u00f3xima Asamblea tambera"},"content":{"rendered":"<p><i style=\"font-weight: bold;\"><a href=\"http:\/\/rurallascolonias.com.ar\/wp-content\/uploads\/2014\/07\/asamblea-tambera.jpg\"><img loading=\"lazy\" class=\"aligncenter size-full wp-image-3068\" src=\"http:\/\/rurallascolonias.com.ar\/wp-content\/uploads\/2014\/07\/asamblea-tambera.jpg\" alt=\"asamblea tambera\" width=\"300\" height=\"195\" \/><\/a><\/i><span><span style=\"font-weight: bold; color: #333333;\"><span style=\"font-weight: normal;\">La\u00a0<\/span><\/span><span style=\"color: #333333;\">convocatoria<\/span><span style=\"font-weight: bold; color: #333333;\"><span style=\"font-weight: normal;\">\u00a0ser\u00e1 el lunes 7 en la Sociedad Rural de Sunchales.<\/span><\/span><\/span><!--more--><\/p>\n<div style=\"color: #333333;\" align=\"justify\">La nueva convocatoria de productores tamberos ser\u00e1 el lunes 7 de julio a las 19 en la localidad de Sunchales, provincia de Santa Fe. Contar\u00e1 con la presencia de intendentes de la cuenca lechera, legisladores provinciales, ministros de la Producci\u00f3n de Buenos Aires y C\u00f3rdoba y referentes de distintas localidades con el fin de\u00a0analizar la situaci\u00f3n del sector y pedir una audiencia al ministro de Agricultura, Carlos Casamiquela, y al jefe de Gabinete, Jorge Capitanich.<\/div>\n<div style=\"color: #333333;\" align=\"justify\"><\/div>\n<div style=\"color: #333333;\" align=\"justify\">La elecci\u00f3n de la vecina ciudad se da por ser un lugar referente en la producci\u00f3n lechera, sede de una de las empresas l\u00e1cteas m\u00e1s importantes del pa\u00eds.<\/div>\n<div style=\"color: #333333;\" align=\"justify\">Con un verano extremo, una indefinici\u00f3n en el rumbo pol\u00edtico sectorial con medidas constantes que complican la actividad productiva, los tamberos enfrentan \u00abel m\u00e1ximo problema que hist\u00f3ricamente tuviera el productor\u00bb, sostiene el presidente de la Sociedad Rural de Rafaela, Dar\u00edo Maina.<\/div>\n<div style=\"color: #333333;\" align=\"justify\">La convocatoria nace a partir del \u201ccepo al precio\u201d que acepta e impone el Secretario de Comercio Interior, a trav\u00e9s del que no se pueden superar los tres pesos por litro, para evitar\u00a0subas en las g\u00f3ndolas.<\/div>\n<div style=\"color: #333333;\" align=\"justify\">\u00abSe hace cada vez m\u00e1s complicado producir\u00bb se\u00f1ala\u00a0 Maina, teniendo en cuenta que hay casi un peso de diferencia entre costos y percepciones por litro de leche, en un momento en el que se esperaba un incremento y no un aplastamiento como el de ahora.<\/div>\n<div style=\"color: #333333;\" align=\"justify\">\u201cLa regi\u00f3n lechera m\u00e1s importante del pa\u00eds se ve afectada por una decisi\u00f3n absurda, inadmisible, y son nuestros representantes pol\u00edticos, que ven c\u00f3mo se deteriora el sector lechero, los que deben presionar, junto con los productores, para que esta medida arbitraria se cambie\u201d, se\u00f1alaron en un comunicado a la prensa dirigentes de la Sociedad Rural de Rafaela.<\/div>\n<div style=\"color: #333333;\"><\/div>\n<div style=\"color: #333333;\"><\/div>\n<p>&nbsp;<\/p>\n","protected":false},"excerpt":{"rendered":"<p>La\u00a0convocatoria\u00a0ser\u00e1 el lunes 7 en la Sociedad Rural de Sunchales.<\/p>\n","protected":false},"author":5,"featured_media":0,"comment_status":"open","ping_status":"open","sticky":false,"template":"","format":"standard","meta":[],"categories":[1],"tags":[1136,1137],"_links":{"self":[{"href":"http:\/\/rurallascolonias.com.ar\/index.php?rest_route=\/wp\/v2\/posts\/3067"}],"collection":[{"href":"http:\/\/rurallascolonias.com.ar\/index.php?rest_route=\/wp\/v2\/posts"}],"about":[{"href":"http:\/\/rurallascolonias.com.ar\/index.php?rest_route=\/wp\/v2\/types\/post"}],"author":[{"embeddable":true,"href":"http:\/\/rurallascolonias.com.ar\/index.php?rest_route=\/wp\/v2\/users\/5"}],"replies":[{"embeddable":true,"href":"http:\/\/rurallascolonias.com.ar\/index.php?rest_route=%2Fwp%2Fv2%2Fcomments&post=3067"}],"version-history":[{"count":1,"href":"http:\/\/rurallascolonias.com.ar\/index.php?rest_route=\/wp\/v2\/posts\/3067\/revisions"}],"predecessor-version":[{"id":3069,"href":"http:\/\/rurallascolonias.com.ar\/index.php?rest_route=\/wp\/v2\/posts\/3067\/revisions\/3069"}],"wp:attachment":[{"href":"http:\/\/rurallascolonias.com.ar\/index.php?rest_route=%2Fwp%2Fv2%2Fmedia&parent=3067"}],"wp:term":[{"taxonomy":"category","embeddable":true,"href":"http:\/\/rurallascolonias.com.ar\/index.php?rest_route=%2Fwp%2Fv2%2Fcategories&post=3067"},{"taxonomy":"post_tag","embeddable":true,"href":"http:\/\/rurallascolonias.com.ar\/index.php?rest_route=%2Fwp%2Fv2%2Ftags&post=3067"}],"curies":[{"name":"wp","href":"https:\/\/api.w.org\/{rel}","templated":true}]}}