{"id":3020,"date":"2014-06-26T15:30:04","date_gmt":"2014-06-26T15:30:04","guid":{"rendered":"http:\/\/rurallascolonias.com.ar\/?p=3020"},"modified":"2014-06-26T15:30:04","modified_gmt":"2014-06-26T15:30:04","slug":"llego-el-ajuste-el-empleo-registrado-en-el-sector-ganadero-y-lechero-cayo-al-nivel-mas-bajo-de-los-ultimos-cinco-anos","status":"publish","type":"post","link":"http:\/\/rurallascolonias.com.ar\/?p=3020","title":{"rendered":"Lleg\u00f3 el ajuste: el empleo registrado en el sector ganadero y lechero cay\u00f3 al nivel m\u00e1s bajo de los \u00faltimos cinco a\u00f1os"},"content":{"rendered":"<p><strong><em><a href=\"http:\/\/rurallascolonias.com.ar\/wp-content\/uploads\/2014\/06\/acuerdo-l\u00e1cteo.jpg\"><img loading=\"lazy\" class=\"aligncenter size-full wp-image-2762\" src=\"http:\/\/rurallascolonias.com.ar\/wp-content\/uploads\/2014\/06\/acuerdo-l\u00e1cteo.jpg\" alt=\"acuerdo l\u00e1cteo\" width=\"320\" height=\"136\" srcset=\"http:\/\/rurallascolonias.com.ar\/wp-content\/uploads\/2014\/06\/acuerdo-l\u00e1cteo.jpg 320w, http:\/\/rurallascolonias.com.ar\/wp-content\/uploads\/2014\/06\/acuerdo-l\u00e1cteo-300x127.jpg 300w\" sizes=\"(max-width: 320px) 100vw, 320px\" \/><\/a><span style=\"font-weight: normal; font-style: normal; color: #333333;\">Tambi\u00e9n hubo destrucci\u00f3n de trabajos en el sector agr\u00edcola.<\/span><\/em><\/strong><!--more--><\/p>\n<p><span style=\"color: #333333;\">En 2008\/09 se registr\u00f3 una sequ\u00eda hist\u00f3rica en las principales regiones productivas argentinas que coincidi\u00f3 con el inicio de una fase brutal de liquidaci\u00f3n de vientres bovinos. Por entonces muchos tambos, al comenzar a arrastar una creciente deuda comercial, debieron cerrar (lo que contribuy\u00f3 a acelerar el proceso de concentraci\u00f3n que experimenta la actividad).<\/span><br style=\"color: #333333;\" \/><br style=\"color: #333333;\" \/><span style=\"color: #333333;\">Por tales motivos en el primer trimestre de 2010 los empleos registrados en ambos sectores cayeron para ubicarse a nivel nacional en 92.160. Luego se fueron recuperando para superar los 95.000 a comienzos de 2012 (un nivel similar al que hab\u00eda en el primer trimestre de 2009).<\/span><br style=\"color: #333333;\" \/><br style=\"color: #333333;\" \/><span style=\"color: #333333;\">Pero los primeros tres meses de este a\u00f1o \u2013seg\u00fan datos del Indec\u2013 cayeron para ubicarse en 90.858. Es decir: en el \u00faltimo a\u00f1o desaparecieron m\u00e1s 3800 puestos de trabajo en las empresas ganaderas y los tambos (un 4% menos que en el mismo per\u00edodo de 2013 y el nivel m\u00e1s bajo de los \u00faltimos cinco a\u00f1os).<\/span><br style=\"color: #333333;\" \/><br style=\"color: #333333;\" \/><span style=\"color: #333333;\">En las empresas agr\u00edcolas tambi\u00e9n se registr\u00f3 destrucci\u00f3n de empleos en el \u00faltimo a\u00f1o: los trabajadores registrados en el primer trimestre de este a\u00f1o fueron 54.223 versus 57.567 en el mismo per\u00edodo de 2013 (-5,8%). Se trata, de todas maneras, de una cifra superior a la registrada en el per\u00edodo cr\u00edtico del primer trimestre de 2010 (cuando se detectaron 52.934 empleos en el sector) (ver planilla).<\/span><br style=\"color: #333333;\" \/><br style=\"color: #333333;\" \/><span style=\"color: #333333;\">El otro gran rubro que explica la mayor parte de los empleos agropecuarios son los \u201ccultivos industriales\u201d, entre los cuales se incluyen los correspondientes a las producciones del algod\u00f3n, ca\u00f1a de az\u00facar, tabaco, yerba mate y t\u00e9. En este caso los empleos registrados en el primer trimestre de este a\u00f1o fueron de 63.416 versus 63.556 y 61.908 en el mismo per\u00edodo de 2013 y 2012 respectivamente.<\/span><br style=\"color: #333333;\" \/><br style=\"color: #333333;\" \/><span style=\"color: #333333;\">La buena performance laboral registrada en las producciones localizadas en el NOA y NEA se explica no necesariamente por una generaci\u00f3n genuina de trabajo, sino por la obligatoriedad de registrar \u2013en un marco legal espec\u00edfico\u2013 a los trabajadores temporarios a partir de lo dispuesto por el nuevo R\u00e9gimen de Trabajo Agrario (Ley 26.727).<\/span><!--more--><!--more--><\/p>\n<p>Fuente: valor soja<\/p>\n","protected":false},"excerpt":{"rendered":"<p>Tambi\u00e9n hubo destrucci\u00f3n de trabajos en el sector agr\u00edcola.<\/p>\n","protected":false},"author":5,"featured_media":0,"comment_status":"open","ping_status":"open","sticky":false,"template":"","format":"standard","meta":[],"categories":[42],"tags":[1119,1120,1121,485],"_links":{"self":[{"href":"http:\/\/rurallascolonias.com.ar\/index.php?rest_route=\/wp\/v2\/posts\/3020"}],"collection":[{"href":"http:\/\/rurallascolonias.com.ar\/index.php?rest_route=\/wp\/v2\/posts"}],"about":[{"href":"http:\/\/rurallascolonias.com.ar\/index.php?rest_route=\/wp\/v2\/types\/post"}],"author":[{"embeddable":true,"href":"http:\/\/rurallascolonias.com.ar\/index.php?rest_route=\/wp\/v2\/users\/5"}],"replies":[{"embeddable":true,"href":"http:\/\/rurallascolonias.com.ar\/index.php?rest_route=%2Fwp%2Fv2%2Fcomments&post=3020"}],"version-history":[{"count":1,"href":"http:\/\/rurallascolonias.com.ar\/index.php?rest_route=\/wp\/v2\/posts\/3020\/revisions"}],"predecessor-version":[{"id":3021,"href":"http:\/\/rurallascolonias.com.ar\/index.php?rest_route=\/wp\/v2\/posts\/3020\/revisions\/3021"}],"wp:attachment":[{"href":"http:\/\/rurallascolonias.com.ar\/index.php?rest_route=%2Fwp%2Fv2%2Fmedia&parent=3020"}],"wp:term":[{"taxonomy":"category","embeddable":true,"href":"http:\/\/rurallascolonias.com.ar\/index.php?rest_route=%2Fwp%2Fv2%2Fcategories&post=3020"},{"taxonomy":"post_tag","embeddable":true,"href":"http:\/\/rurallascolonias.com.ar\/index.php?rest_route=%2Fwp%2Fv2%2Ftags&post=3020"}],"curies":[{"name":"wp","href":"https:\/\/api.w.org\/{rel}","templated":true}]}}